{"id":37775,"date":"2025-07-18T11:07:00","date_gmt":"2025-07-18T16:07:00","guid":{"rendered":"https:\/\/www.unica.edu.pe\/noticias\/?p=37775"},"modified":"2025-07-18T13:37:57","modified_gmt":"2025-07-18T18:37:57","slug":"recordatorio-capacitacion-curso-gestion-publica-y-modernizacion-del-estado","status":"publish","type":"post","link":"https:\/\/www.unica.edu.pe\/noticias\/2025\/07\/18\/recordatorio-capacitacion-curso-gestion-publica-y-modernizacion-del-estado\/","title":{"rendered":"RECORDATORIO CAPACITACI\u00d3N CURSO: \u201cGESTI\u00d3N P\u00daBLICA Y MODERNIZACI\u00d3N DEL ESTADO\u201d"},"content":{"rendered":"\n<p><a href=\"https:\/\/www.facebook.com\/hashtag\/capacitaci%C3%B3n?__eep__=6&amp;__cft__[0]=AZU1xQDtqaAE-1uYN1HNd1MO7-_nwS7cpWmAUrTCGkOmAw9M-dixOyz01EFT2yLU8RR7rcU3sK0vTp0pTsLXFt3hnJ5dHKpkOSHBdMdaaSV1SH8uz0jSLrv9N1LMc6ZCSP-xjHiVh6kxStebIs1poaqVKlXEB3g79Ik141bwaMKAoO12o6XwrM_i0ELvQQmgfJY&amp;__tn__=*NK-R\">#Capacitaci\u00f3n<\/a> | RECORDATORIO: HOY VIERNES 18-07-2025 \u2013 CURSO \u201cGESTI\u00d3N P\u00daBLICA Y MODERNIZACI\u00d3N DEL ESTADO\u201d<\/p>\n\n\n\n<p>DIAS : 15, 17, 18, 21, 22 y 24 de julio de 2025<\/p>\n\n\n\n<p><a><\/a>HORARIO : 02:00 p.m. a 05:00 p.m.<\/p>\n\n\n\n<p>MODALIDAD: VIRTUAL<\/p>\n\n\n\n<p>LINKS DE INSCRIPCI\u00d3N: <a href=\"https:\/\/docs.google.com\/forms\/d\/e\/1FAIpQLSceEctpao3lkimZ2I3vMF5QmGaNOt39Z5EFdBQ8pjhlHdwSkQ\/viewform?usp=sharing&amp;ouid=113253346004495539235&amp;fbclid=IwZXh0bgNhZW0CMTAAYnJpZBExNFk4YjF0WU5XZHpvemdOSwEeDuP47AE67SZAgBWHux8OU7QbsdZvyVBJCU9iBf3Yc4X7SYi2UzczgpLXJHw_aem_sQprKC5awseBlqGgIY5_ZA\" rel=\"noreferrer noopener\" target=\"_blank\">https:\/\/docs.google.com\/&#8230;\/1FAIpQLSceEctpao3&#8230;\/viewform&#8230;<\/a><\/p>\n\n\n\n<p>&#8212;&#8212;&#8212;&#8212;&#8212;&#8212;&#8212;&#8212;&#8212;&#8212;&#8212;&#8212;-<\/p>\n\n\n\n<p>Tema: Sesi\u00f3n 03 \u2013 Administraci\u00f3n P\u00fablica<\/p>\n\n\n\n<p>Hora: 18 jul 2025 02:00 p. m. Lima<\/p>\n\n\n\n<p>TE ESPERAMOS, SEGUIMOS FORTALECIENDO TUS CAPACIDADES.<\/p>\n\n\n\n<figure class=\"wp-block-image size-full\"><img loading=\"lazy\" decoding=\"async\" width=\"511\" height=\"720\" src=\"https:\/\/www.unica.edu.pe\/noticias\/wp-content\/uploads\/2025\/07\/image-160.png\" alt=\"\" class=\"wp-image-37776\" srcset=\"https:\/\/www.unica.edu.pe\/noticias\/wp-content\/uploads\/2025\/07\/image-160.png 511w, https:\/\/www.unica.edu.pe\/noticias\/wp-content\/uploads\/2025\/07\/image-160-213x300.png 213w\" sizes=\"auto, (max-width: 511px) 100vw, 511px\" \/><\/figure>\n","protected":false},"excerpt":{"rendered":"<p>#Capacitaci\u00f3n | RECORDATORIO: HOY VIERNES 18-07-2025 \u2013 CURSO \u201cGESTI\u00d3N P\u00daBLICA Y MODERNIZACI\u00d3N DEL ESTADO\u201d DIAS : 15, 17, 18, 21, 22 y 24 de julio de 2025 HORARIO : 02:00 p.m. a 05:00 p.m. MODALIDAD: VIRTUAL LINKS DE INSCRIPCI\u00d3N: https:\/\/docs.google.com\/&#8230;\/1FAIpQLSceEctpao3&#8230;\/viewform&#8230; &#8212;&#8212;&#8212;&#8212;&#8212;&#8212;&#8212;&#8212;&#8212;&#8212;&#8212;&#8212;- Tema: Sesi\u00f3n 03 \u2013 Administraci\u00f3n P\u00fablica Hora: 18 jul 2025 02:00 p. m. Lima &hellip; <\/p>\n<p class=\"link-more\"><a href=\"https:\/\/www.unica.edu.pe\/noticias\/2025\/07\/18\/recordatorio-capacitacion-curso-gestion-publica-y-modernizacion-del-estado\/\" class=\"more-link\">Continuar leyendo<span class=\"screen-reader-text\"> \u00abRECORDATORIO CAPACITACI\u00d3N CURSO: \u201cGESTI\u00d3N P\u00daBLICA Y MODERNIZACI\u00d3N DEL ESTADO\u201d\u00bb<\/span><\/a><\/p>\n","protected":false},"author":4,"featured_media":0,"comment_status":"closed","ping_status":"open","sticky":false,"template":"","format":"standard","meta":{"footnotes":""},"categories":[7],"tags":[],"class_list":["post-37775","post","type-post","status-publish","format-standard","hentry","category-noticias"],"_links":{"self":[{"href":"https:\/\/www.unica.edu.pe\/noticias\/wp-json\/wp\/v2\/posts\/37775","targetHints":{"allow":["GET"]}}],"collection":[{"href":"https:\/\/www.unica.edu.pe\/noticias\/wp-json\/wp\/v2\/posts"}],"about":[{"href":"https:\/\/www.unica.edu.pe\/noticias\/wp-json\/wp\/v2\/types\/post"}],"author":[{"embeddable":true,"href":"https:\/\/www.unica.edu.pe\/noticias\/wp-json\/wp\/v2\/users\/4"}],"replies":[{"embeddable":true,"href":"https:\/\/www.unica.edu.pe\/noticias\/wp-json\/wp\/v2\/comments?post=37775"}],"version-history":[{"count":1,"href":"https:\/\/www.unica.edu.pe\/noticias\/wp-json\/wp\/v2\/posts\/37775\/revisions"}],"predecessor-version":[{"id":37777,"href":"https:\/\/www.unica.edu.pe\/noticias\/wp-json\/wp\/v2\/posts\/37775\/revisions\/37777"}],"wp:attachment":[{"href":"https:\/\/www.unica.edu.pe\/noticias\/wp-json\/wp\/v2\/media?parent=37775"}],"wp:term":[{"taxonomy":"category","embeddable":true,"href":"https:\/\/www.unica.edu.pe\/noticias\/wp-json\/wp\/v2\/categories?post=37775"},{"taxonomy":"post_tag","embeddable":true,"href":"https:\/\/www.unica.edu.pe\/noticias\/wp-json\/wp\/v2\/tags?post=37775"}],"curies":[{"name":"wp","href":"https:\/\/api.w.org\/{rel}","templated":true}]}}