{"id":37763,"date":"2025-07-18T09:09:00","date_gmt":"2025-07-18T14:09:00","guid":{"rendered":"https:\/\/www.unica.edu.pe\/noticias\/?p=37763"},"modified":"2025-07-18T13:10:32","modified_gmt":"2025-07-18T18:10:32","slug":"stachmad-i-concurso-exhibicion-y-venta-de-pinturas-de-personas-emprendedoras-con-discapacidad","status":"publish","type":"post","link":"https:\/\/www.unica.edu.pe\/noticias\/2025\/07\/18\/stachmad-i-concurso-exhibicion-y-venta-de-pinturas-de-personas-emprendedoras-con-discapacidad\/","title":{"rendered":"STACHMAD: I Concurso, Exhibici\u00f3n y Venta de Pinturas de Personas Emprendedoras con Discapacidad"},"content":{"rendered":"\n<p><img loading=\"lazy\" decoding=\"async\" height=\"16\" width=\"16\" alt=\"\ud83c\udfa8\" src=\"https:\/\/static.xx.fbcdn.net\/images\/emoji.php\/v9\/t82\/1\/16\/1f3a8.png\"><img loading=\"lazy\" decoding=\"async\" height=\"16\" width=\"16\" alt=\"\u2728\" src=\"https:\/\/static.xx.fbcdn.net\/images\/emoji.php\/v9\/tf4\/1\/16\/2728.png\"> STACHMAD: I Concurso, Exhibici\u00f3n y Venta de Pinturas de Personas Emprendedoras con Discapacidad<\/p>\n\n\n\n<p>\u00a1El talento no tiene l\u00edmites! <img loading=\"lazy\" decoding=\"async\" height=\"16\" width=\"16\" alt=\"\ud83d\ude4c\" src=\"https:\/\/static.xx.fbcdn.net\/images\/emoji.php\/v9\/tfd\/1\/16\/1f64c.png\"> \u00danete a esta maravillosa jornada d<a><\/a>onde el arte y la inclusi\u00f3n social se unen para transformar vidas.<\/p>\n\n\n\n<p>Desde el programa M\u00f3dulo B\u00e1sico de Rehabilitaci\u00f3n Profesional y Social &#8211; Ica, personas con discapacidad presentar\u00e1n sus obras m\u00e1s conmovedoras, demostrando que el arte es un puente para la esperanza, la dignidad y la autonom\u00eda econ\u00f3mica.<\/p>\n\n\n\n<p><img loading=\"lazy\" decoding=\"async\" height=\"16\" width=\"16\" alt=\"\ud83d\uddd3\ufe0f\" src=\"https:\/\/static.xx.fbcdn.net\/images\/emoji.php\/v9\/t5c\/1\/16\/1f5d3.png\"> 18 DE JULIO DEL 2025<\/p>\n\n\n\n<p><img loading=\"lazy\" decoding=\"async\" height=\"16\" width=\"16\" alt=\"\ud83d\udccd\" src=\"https:\/\/static.xx.fbcdn.net\/images\/emoji.php\/v9\/t2d\/1\/16\/1f4cd.png\"> LOCAL CENTRAL UNICA (Calle Bol\u00edvar 232- ICA)<\/p>\n\n\n\n<p><img loading=\"lazy\" decoding=\"async\" height=\"16\" width=\"16\" alt=\"\ud83d\udd58\" src=\"https:\/\/static.xx.fbcdn.net\/images\/emoji.php\/v9\/tb0\/1\/16\/1f558.png\"> 3:00 p.m.<\/p>\n\n\n\n<p>Podr\u00e1s admirar, comprar y apoyar estas piezas \u00fanicas, realizadas con amor, esfuerzo y mucha inspiraci\u00f3n. \u00a1Cada cuadro cuenta una historia de superaci\u00f3n!<\/p>\n\n\n\n<p><img loading=\"lazy\" decoding=\"async\" height=\"16\" width=\"16\" alt=\"\ud83d\udc9b\" src=\"https:\/\/static.xx.fbcdn.net\/images\/emoji.php\/v9\/t15\/1\/16\/1f49b.png\"> Con tu asistencia, no solo ayudas\u2026 \u00a1te conviertes en parte del cambio!<\/p>\n\n\n\n<p><img loading=\"lazy\" decoding=\"async\" height=\"16\" width=\"16\" alt=\"\ud83d\udd16\" src=\"https:\/\/static.xx.fbcdn.net\/images\/emoji.php\/v9\/t32\/1\/16\/1f516.png\"><a href=\"https:\/\/www.facebook.com\/hashtag\/stachmad2025?__eep__=6&amp;__cft__[0]=AZXkW4_zPrXKhGE6c8gMMkLeimPWT-1KDHCEU6ms7_Bi4TRNxJWXXgwTygho1PuFzrJ3uQ3XsauUCrPqRHUTRi2JOuyFax5yEqOBofiXMVnbD_ySeLRgZprdSMPk8_us-7LcuwHuy6uP7KDZ8bFp8VfMdET33uH0GcKnZZnu-sDPzcynb--9xGJsVqHMqs42eQc&amp;__tn__=*NK-R\">#STACHMAD2025<\/a><a href=\"https:\/\/www.facebook.com\/hashtag\/arteconprop%C3%B3sito?__eep__=6&amp;__cft__[0]=AZXkW4_zPrXKhGE6c8gMMkLeimPWT-1KDHCEU6ms7_Bi4TRNxJWXXgwTygho1PuFzrJ3uQ3XsauUCrPqRHUTRi2JOuyFax5yEqOBofiXMVnbD_ySeLRgZprdSMPk8_us-7LcuwHuy6uP7KDZ8bFp8VfMdET33uH0GcKnZZnu-sDPzcynb--9xGJsVqHMqs42eQc&amp;__tn__=*NK-R\">#ArteConProp\u00f3sito<\/a><a href=\"https:\/\/www.facebook.com\/hashtag\/discapacidadnoesincapacidad?__eep__=6&amp;__cft__[0]=AZXkW4_zPrXKhGE6c8gMMkLeimPWT-1KDHCEU6ms7_Bi4TRNxJWXXgwTygho1PuFzrJ3uQ3XsauUCrPqRHUTRi2JOuyFax5yEqOBofiXMVnbD_ySeLRgZprdSMPk8_us-7LcuwHuy6uP7KDZ8bFp8VfMdET33uH0GcKnZZnu-sDPzcynb--9xGJsVqHMqs42eQc&amp;__tn__=*NK-R\">#DiscapacidadNoEsIncapacidad<\/a><a href=\"https:\/\/www.facebook.com\/hashtag\/icaincluye?__eep__=6&amp;__cft__[0]=AZXkW4_zPrXKhGE6c8gMMkLeimPWT-1KDHCEU6ms7_Bi4TRNxJWXXgwTygho1PuFzrJ3uQ3XsauUCrPqRHUTRi2JOuyFax5yEqOBofiXMVnbD_ySeLRgZprdSMPk8_us-7LcuwHuy6uP7KDZ8bFp8VfMdET33uH0GcKnZZnu-sDPzcynb--9xGJsVqHMqs42eQc&amp;__tn__=*NK-R\">#IcaIncluye<\/a><a href=\"https:\/\/www.facebook.com\/hashtag\/empoderamientoconarte?__eep__=6&amp;__cft__[0]=AZXkW4_zPrXKhGE6c8gMMkLeimPWT-1KDHCEU6ms7_Bi4TRNxJWXXgwTygho1PuFzrJ3uQ3XsauUCrPqRHUTRi2JOuyFax5yEqOBofiXMVnbD_ySeLRgZprdSMPk8_us-7LcuwHuy6uP7KDZ8bFp8VfMdET33uH0GcKnZZnu-sDPzcynb--9xGJsVqHMqs42eQc&amp;__tn__=*NK-R\">#EmpoderamientoConArte<\/a><a href=\"https:\/\/www.facebook.com\/hashtag\/inclusi%C3%B3nsinl%C3%ADmites?__eep__=6&amp;__cft__[0]=AZXkW4_zPrXKhGE6c8gMMkLeimPWT-1KDHCEU6ms7_Bi4TRNxJWXXgwTygho1PuFzrJ3uQ3XsauUCrPqRHUTRi2JOuyFax5yEqOBofiXMVnbD_ySeLRgZprdSMPk8_us-7LcuwHuy6uP7KDZ8bFp8VfMdET33uH0GcKnZZnu-sDPzcynb--9xGJsVqHMqs42eQc&amp;__tn__=*NK-R\">#Inclusi\u00f3nSinL\u00edmites<\/a><a href=\"https:\/\/www.facebook.com\/hashtag\/artequetransforma?__eep__=6&amp;__cft__[0]=AZXkW4_zPrXKhGE6c8gMMkLeimPWT-1KDHCEU6ms7_Bi4TRNxJWXXgwTygho1PuFzrJ3uQ3XsauUCrPqRHUTRi2JOuyFax5yEqOBofiXMVnbD_ySeLRgZprdSMPk8_us-7LcuwHuy6uP7KDZ8bFp8VfMdET33uH0GcKnZZnu-sDPzcynb--9xGJsVqHMqs42eQc&amp;__tn__=*NK-R\">#ArteQueTransforma<\/a><a href=\"https:\/\/www.facebook.com\/hashtag\/talentoique%C3%B1o?__eep__=6&amp;__cft__[0]=AZXkW4_zPrXKhGE6c8gMMkLeimPWT-1KDHCEU6ms7_Bi4TRNxJWXXgwTygho1PuFzrJ3uQ3XsauUCrPqRHUTRi2JOuyFax5yEqOBofiXMVnbD_ySeLRgZprdSMPk8_us-7LcuwHuy6uP7KDZ8bFp8VfMdET33uH0GcKnZZnu-sDPzcynb--9xGJsVqHMqs42eQc&amp;__tn__=*NK-R\">#TalentoIque\u00f1o<\/a><a href=\"https:\/\/www.facebook.com\/hashtag\/concienciasocial?__eep__=6&amp;__cft__[0]=AZXkW4_zPrXKhGE6c8gMMkLeimPWT-1KDHCEU6ms7_Bi4TRNxJWXXgwTygho1PuFzrJ3uQ3XsauUCrPqRHUTRi2JOuyFax5yEqOBofiXMVnbD_ySeLRgZprdSMPk8_us-7LcuwHuy6uP7KDZ8bFp8VfMdET33uH0GcKnZZnu-sDPzcynb--9xGJsVqHMqs42eQc&amp;__tn__=*NK-R\">#ConcienciaSocial<\/a><a href=\"https:\/\/www.facebook.com\/hashtag\/unidosporamor?__eep__=6&amp;__cft__[0]=AZXkW4_zPrXKhGE6c8gMMkLeimPWT-1KDHCEU6ms7_Bi4TRNxJWXXgwTygho1PuFzrJ3uQ3XsauUCrPqRHUTRi2JOuyFax5yEqOBofiXMVnbD_ySeLRgZprdSMPk8_us-7LcuwHuy6uP7KDZ8bFp8VfMdET33uH0GcKnZZnu-sDPzcynb--9xGJsVqHMqs42eQc&amp;__tn__=*NK-R\">#UnidosPorAmor<\/a><a href=\"https:\/\/www.facebook.com\/hashtag\/essaludica?__eep__=6&amp;__cft__[0]=AZXkW4_zPrXKhGE6c8gMMkLeimPWT-1KDHCEU6ms7_Bi4TRNxJWXXgwTygho1PuFzrJ3uQ3XsauUCrPqRHUTRi2JOuyFax5yEqOBofiXMVnbD_ySeLRgZprdSMPk8_us-7LcuwHuy6uP7KDZ8bFp8VfMdET33uH0GcKnZZnu-sDPzcynb--9xGJsVqHMqs42eQc&amp;__tn__=*NK-R\">#EsSaludIca<\/a><a href=\"https:\/\/www.facebook.com\/hashtag\/responsabilidadsocial?__eep__=6&amp;__cft__[0]=AZXkW4_zPrXKhGE6c8gMMkLeimPWT-1KDHCEU6ms7_Bi4TRNxJWXXgwTygho1PuFzrJ3uQ3XsauUCrPqRHUTRi2JOuyFax5yEqOBofiXMVnbD_ySeLRgZprdSMPk8_us-7LcuwHuy6uP7KDZ8bFp8VfMdET33uH0GcKnZZnu-sDPzcynb--9xGJsVqHMqs42eQc&amp;__tn__=*NK-R\">#ResponsabilidadSocial<\/a><\/p>\n\n\n\n<figure class=\"wp-block-image size-full\"><img loading=\"lazy\" decoding=\"async\" width=\"685\" height=\"340\" src=\"https:\/\/www.unica.edu.pe\/noticias\/wp-content\/uploads\/2025\/07\/image-156.png\" alt=\"\" class=\"wp-image-37764\" srcset=\"https:\/\/www.unica.edu.pe\/noticias\/wp-content\/uploads\/2025\/07\/image-156.png 685w, https:\/\/www.unica.edu.pe\/noticias\/wp-content\/uploads\/2025\/07\/image-156-300x149.png 300w\" sizes=\"auto, (max-width: 685px) 100vw, 685px\" \/><\/figure>\n","protected":false},"excerpt":{"rendered":"<p>STACHMAD: I Concurso, Exhibici\u00f3n y Venta de Pinturas de Personas Emprendedoras con Discapacidad \u00a1El talento no tiene l\u00edmites! \u00danete a esta maravillosa jornada donde el arte y la inclusi\u00f3n social se unen para transformar vidas. Desde el programa M\u00f3dulo B\u00e1sico de Rehabilitaci\u00f3n Profesional y Social &#8211; Ica, personas con discapacidad presentar\u00e1n sus obras m\u00e1s conmovedoras, &hellip; <\/p>\n<p class=\"link-more\"><a href=\"https:\/\/www.unica.edu.pe\/noticias\/2025\/07\/18\/stachmad-i-concurso-exhibicion-y-venta-de-pinturas-de-personas-emprendedoras-con-discapacidad\/\" class=\"more-link\">Continuar leyendo<span class=\"screen-reader-text\"> \u00abSTACHMAD: I Concurso, Exhibici\u00f3n y Venta de Pinturas de Personas Emprendedoras con Discapacidad\u00bb<\/span><\/a><\/p>\n","protected":false},"author":4,"featured_media":0,"comment_status":"closed","ping_status":"open","sticky":false,"template":"","format":"standard","meta":{"footnotes":""},"categories":[37],"tags":[],"class_list":["post-37763","post","type-post","status-publish","format-standard","hentry","category-proyeccion-social"],"_links":{"self":[{"href":"https:\/\/www.unica.edu.pe\/noticias\/wp-json\/wp\/v2\/posts\/37763","targetHints":{"allow":["GET"]}}],"collection":[{"href":"https:\/\/www.unica.edu.pe\/noticias\/wp-json\/wp\/v2\/posts"}],"about":[{"href":"https:\/\/www.unica.edu.pe\/noticias\/wp-json\/wp\/v2\/types\/post"}],"author":[{"embeddable":true,"href":"https:\/\/www.unica.edu.pe\/noticias\/wp-json\/wp\/v2\/users\/4"}],"replies":[{"embeddable":true,"href":"https:\/\/www.unica.edu.pe\/noticias\/wp-json\/wp\/v2\/comments?post=37763"}],"version-history":[{"count":1,"href":"https:\/\/www.unica.edu.pe\/noticias\/wp-json\/wp\/v2\/posts\/37763\/revisions"}],"predecessor-version":[{"id":37765,"href":"https:\/\/www.unica.edu.pe\/noticias\/wp-json\/wp\/v2\/posts\/37763\/revisions\/37765"}],"wp:attachment":[{"href":"https:\/\/www.unica.edu.pe\/noticias\/wp-json\/wp\/v2\/media?parent=37763"}],"wp:term":[{"taxonomy":"category","embeddable":true,"href":"https:\/\/www.unica.edu.pe\/noticias\/wp-json\/wp\/v2\/categories?post=37763"},{"taxonomy":"post_tag","embeddable":true,"href":"https:\/\/www.unica.edu.pe\/noticias\/wp-json\/wp\/v2\/tags?post=37763"}],"curies":[{"name":"wp","href":"https:\/\/api.w.org\/{rel}","templated":true}]}}