{"id":37751,"date":"2025-07-18T08:46:00","date_gmt":"2025-07-18T13:46:00","guid":{"rendered":"https:\/\/www.unica.edu.pe\/noticias\/?p=37751"},"modified":"2025-07-18T08:43:19","modified_gmt":"2025-07-18T13:43:19","slug":"imagenes-del-seminario-academico-de-la-facultad-de-ingenieria-quimica-y-petroquimica","status":"publish","type":"post","link":"https:\/\/www.unica.edu.pe\/noticias\/2025\/07\/18\/imagenes-del-seminario-academico-de-la-facultad-de-ingenieria-quimica-y-petroquimica\/","title":{"rendered":"IM\u00c1GENES DEL SEMINARIO ACAD\u00c9MICO DE LA FACULTAD DE INGENIER\u00cdA QU\u00cdMICA Y PETROQU\u00cdMICA"},"content":{"rendered":"\n<p><a href=\"https:\/\/www.facebook.com\/hashtag\/ingenier%C3%ADaqu%C3%ADmicaypetroqu%C3%ADmica?__eep__=6&amp;__cft__[0]=AZUQ1tS5XHs_hSXsllW_7HSJAc76U7vSMH7tC6dLsxfQshX1U2Dg3hW_MDlLlo3FE2F0OCjqN75loKXBU4SJY2mJF1Dm_iZZh3MnniAoso7PMVbMZ-4pYEfLuD1xx5CFNC_Y47AWP5WzDhxF46wK_3t4MqJUgqQMjGnrPmpiaoOp0mqKBFkh0AJsj1hHIR1nOEU&amp;__tn__=*NK-R\">#Ingenier\u00edaQu\u00edmicayPetroqu\u00edmica<\/a> | <img loading=\"lazy\" decoding=\"async\" height=\"16\" width=\"16\" alt=\"\ud83d\udd2c\" src=\"https:\/\/static.xx.fbcdn.net\/images\/emoji.php\/v9\/t7e\/1\/16\/1f52c.png\"> SEMINARIO ACAD\u00c9MICO DE LA FACULTAD DE INGENIER\u00cdA QU\u00cdMICA Y PETROQU\u00cdMICA<\/p>\n\n\n\n<p><img loading=\"lazy\" decoding=\"async\" height=\"16\" width=\"16\" alt=\"\ud83d\udccd\" src=\"https:\/\/static.xx.fbcdn.net\/images\/emoji.php\/v9\/t2d\/1\/16\/1f4cd.png\"> Auditorio del Colegio de Ingenieros \u2013 Consejo D<a><\/a>epartamental Ica<\/p>\n\n\n\n<p>La tarde de ayer, la Facultad de Ingenier\u00eda Qu\u00edmica y Petroqu\u00edmica desarroll\u00f3 el seminario acad\u00e9mico titulado:<\/p>\n\n\n\n<p><img loading=\"lazy\" decoding=\"async\" height=\"16\" width=\"16\" alt=\"\ud83d\udc49\" src=\"https:\/\/static.xx.fbcdn.net\/images\/emoji.php\/v9\/t51\/1\/16\/1f449.png\"> \u201cLa Ingenier\u00eda Qu\u00edmica en la optimizaci\u00f3n de los procesos qu\u00edmicos industriales, aportando al desarrollo del pa\u00eds\u201d,<\/p>\n\n\n\n<p>evento que congreg\u00f3 a estudiantes, docentes y p\u00fablico especializado en el auditorio del Colegio de Ingenieros de Ica.<\/p>\n\n\n\n<p>Durante la jornada se presentaron exposiciones t\u00e9cnicas por parte de estudiantes del IV ciclo de la asignatura Qu\u00edmica Org\u00e1nica II, abordando temas clave como:<\/p>\n\n\n\n<p><img loading=\"lazy\" decoding=\"async\" height=\"16\" width=\"16\" alt=\"\ud83d\udd39\" src=\"https:\/\/static.xx.fbcdn.net\/images\/emoji.php\/v9\/tf3\/1\/16\/1f539.png\"> \u201cReacciones qu\u00edmicas en el procesamiento de alimentos\u201d<\/p>\n\n\n\n<p><img loading=\"lazy\" decoding=\"async\" height=\"16\" width=\"16\" alt=\"\ud83d\udd39\" src=\"https:\/\/static.xx.fbcdn.net\/images\/emoji.php\/v9\/tf3\/1\/16\/1f539.png\"> \u201cProte\u00ednas, amino\u00e1cidos, geles, espumas y emulsiones\u201d<\/p>\n\n\n\n<p>Estas ponencias permitieron mostrar el avance acad\u00e9mico y la aplicaci\u00f3n pr\u00e1ctica del conocimiento cient\u00edfico en el contexto de la industria qu\u00edmica nacional.<\/p>\n\n\n\n<p>El seminario cont\u00f3 con la participaci\u00f3n del decano de la facultad, Ing. Dr. Rosalio Cusi Palomino, quien estuvo acompa\u00f1ado por la docente Ing. Leslie Felices Vizarreta, destacando ambos la importancia de estas actividades para fortalecer la formaci\u00f3n integral de los futuros ingenieros qu\u00edmicos.<\/p>\n\n\n\n<p><img loading=\"lazy\" decoding=\"async\" height=\"16\" width=\"16\" alt=\"\ud83c\udf93\" src=\"https:\/\/static.xx.fbcdn.net\/images\/emoji.php\/v9\/t25\/1\/16\/1f393.png\"> Seguimos impulsando espacios de aprendizaje y vinculaci\u00f3n con el entorno profesional.<\/p>\n\n\n\n<p><a href=\"https:\/\/www.facebook.com\/hashtag\/unslg?__eep__=6&amp;__cft__[0]=AZUQ1tS5XHs_hSXsllW_7HSJAc76U7vSMH7tC6dLsxfQshX1U2Dg3hW_MDlLlo3FE2F0OCjqN75loKXBU4SJY2mJF1Dm_iZZh3MnniAoso7PMVbMZ-4pYEfLuD1xx5CFNC_Y47AWP5WzDhxF46wK_3t4MqJUgqQMjGnrPmpiaoOp0mqKBFkh0AJsj1hHIR1nOEU&amp;__tn__=*NK-R\">#UNSLG<\/a><\/p>\n\n\n\n<p><a href=\"https:\/\/www.facebook.com\/hashtag\/facultadingenier%C3%ADaqu%C3%ADmica?__eep__=6&amp;__cft__[0]=AZUQ1tS5XHs_hSXsllW_7HSJAc76U7vSMH7tC6dLsxfQshX1U2Dg3hW_MDlLlo3FE2F0OCjqN75loKXBU4SJY2mJF1Dm_iZZh3MnniAoso7PMVbMZ-4pYEfLuD1xx5CFNC_Y47AWP5WzDhxF46wK_3t4MqJUgqQMjGnrPmpiaoOp0mqKBFkh0AJsj1hHIR1nOEU&amp;__tn__=*NK-R\">#facultadingenier\u00edaqu\u00edmica<\/a><\/p>\n\n\n\n<p><a href=\"https:\/\/www.facebook.com\/hashtag\/seminarioacad%C3%A9mico?__eep__=6&amp;__cft__[0]=AZUQ1tS5XHs_hSXsllW_7HSJAc76U7vSMH7tC6dLsxfQshX1U2Dg3hW_MDlLlo3FE2F0OCjqN75loKXBU4SJY2mJF1Dm_iZZh3MnniAoso7PMVbMZ-4pYEfLuD1xx5CFNC_Y47AWP5WzDhxF46wK_3t4MqJUgqQMjGnrPmpiaoOp0mqKBFkh0AJsj1hHIR1nOEU&amp;__tn__=*NK-R\">#SeminarioAcad\u00e9mico<\/a><\/p>\n\n\n\n<p><a href=\"https:\/\/www.facebook.com\/UnicaSLG\/posts\/pfbid02za9h1cpo5UqQSjmXwmVYzJVuisH8kgmYjzso8NeJWgdj1pyhugEE6DAtcnpjANFrl\">https:\/\/www.facebook.com\/UnicaSLG\/posts\/pfbid02za9h1cpo5UqQSjmXwmVYzJVuisH8kgmYjzso8NeJWgdj1pyhugEE6DAtcnpjANFrl<\/a><\/p>\n\n\n\n<figure class=\"wp-block-image size-full\"><img loading=\"lazy\" decoding=\"async\" width=\"690\" height=\"683\" src=\"https:\/\/www.unica.edu.pe\/noticias\/wp-content\/uploads\/2025\/07\/image-153.png\" alt=\"\" class=\"wp-image-37752\" srcset=\"https:\/\/www.unica.edu.pe\/noticias\/wp-content\/uploads\/2025\/07\/image-153.png 690w, https:\/\/www.unica.edu.pe\/noticias\/wp-content\/uploads\/2025\/07\/image-153-300x297.png 300w, https:\/\/www.unica.edu.pe\/noticias\/wp-content\/uploads\/2025\/07\/image-153-100x100.png 100w\" sizes=\"auto, (max-width: 690px) 100vw, 690px\" \/><\/figure>\n","protected":false},"excerpt":{"rendered":"<p>#Ingenier\u00edaQu\u00edmicayPetroqu\u00edmica | SEMINARIO ACAD\u00c9MICO DE LA FACULTAD DE INGENIER\u00cdA QU\u00cdMICA Y PETROQU\u00cdMICA Auditorio del Colegio de Ingenieros \u2013 Consejo Departamental Ica La tarde de ayer, la Facultad de Ingenier\u00eda Qu\u00edmica y Petroqu\u00edmica desarroll\u00f3 el seminario acad\u00e9mico titulado: \u201cLa Ingenier\u00eda Qu\u00edmica en la optimizaci\u00f3n de los procesos qu\u00edmicos industriales, aportando al desarrollo del pa\u00eds\u201d, evento que &hellip; <\/p>\n<p class=\"link-more\"><a href=\"https:\/\/www.unica.edu.pe\/noticias\/2025\/07\/18\/imagenes-del-seminario-academico-de-la-facultad-de-ingenieria-quimica-y-petroquimica\/\" class=\"more-link\">Continuar leyendo<span class=\"screen-reader-text\"> \u00abIM\u00c1GENES DEL SEMINARIO ACAD\u00c9MICO DE LA FACULTAD DE INGENIER\u00cdA QU\u00cdMICA Y PETROQU\u00cdMICA\u00bb<\/span><\/a><\/p>\n","protected":false},"author":4,"featured_media":0,"comment_status":"closed","ping_status":"open","sticky":false,"template":"","format":"standard","meta":{"footnotes":""},"categories":[7],"tags":[],"class_list":["post-37751","post","type-post","status-publish","format-standard","hentry","category-noticias"],"_links":{"self":[{"href":"https:\/\/www.unica.edu.pe\/noticias\/wp-json\/wp\/v2\/posts\/37751","targetHints":{"allow":["GET"]}}],"collection":[{"href":"https:\/\/www.unica.edu.pe\/noticias\/wp-json\/wp\/v2\/posts"}],"about":[{"href":"https:\/\/www.unica.edu.pe\/noticias\/wp-json\/wp\/v2\/types\/post"}],"author":[{"embeddable":true,"href":"https:\/\/www.unica.edu.pe\/noticias\/wp-json\/wp\/v2\/users\/4"}],"replies":[{"embeddable":true,"href":"https:\/\/www.unica.edu.pe\/noticias\/wp-json\/wp\/v2\/comments?post=37751"}],"version-history":[{"count":2,"href":"https:\/\/www.unica.edu.pe\/noticias\/wp-json\/wp\/v2\/posts\/37751\/revisions"}],"predecessor-version":[{"id":37754,"href":"https:\/\/www.unica.edu.pe\/noticias\/wp-json\/wp\/v2\/posts\/37751\/revisions\/37754"}],"wp:attachment":[{"href":"https:\/\/www.unica.edu.pe\/noticias\/wp-json\/wp\/v2\/media?parent=37751"}],"wp:term":[{"taxonomy":"category","embeddable":true,"href":"https:\/\/www.unica.edu.pe\/noticias\/wp-json\/wp\/v2\/categories?post=37751"},{"taxonomy":"post_tag","embeddable":true,"href":"https:\/\/www.unica.edu.pe\/noticias\/wp-json\/wp\/v2\/tags?post=37751"}],"curies":[{"name":"wp","href":"https:\/\/api.w.org\/{rel}","templated":true}]}}