{"id":3770,"date":"2019-10-02T15:42:31","date_gmt":"2019-10-02T15:42:31","guid":{"rendered":"http:\/\/www.unica.edu.pe\/noticias\/?p=3770"},"modified":"2019-10-04T15:50:36","modified_gmt":"2019-10-04T15:50:36","slug":"vi-encuentro-de-vicerrectores-de-investigacion-y-directores-de-institutos-de-la-mancomunidad-de-los-andes","status":"publish","type":"post","link":"https:\/\/www.unica.edu.pe\/noticias\/2019\/10\/02\/vi-encuentro-de-vicerrectores-de-investigacion-y-directores-de-institutos-de-la-mancomunidad-de-los-andes\/","title":{"rendered":"PROGRAMA VI ENCUENTRO DE VICERRECTORES DE INVESTIGACI\u00d3N Y DIRECTORES DE INSTITUTOS DE LA MANCOMUNIDAD DE LOS ANDES"},"content":{"rendered":"<p><a class=\"_58cn\" href=\"https:\/\/www.facebook.com\/hashtag\/vicerrectorado?source=feed_text&amp;epa=HASHTAG&amp;__xts__%5B0%5D=68.ARA82SWBtpcGQnOokAUA2R8MQDcX84TrfXmLs79dxDauDyEiioaASjQKSW6aFydtjBKaSWC-4pCdLlhZwR5zX0VnmFOszCmjbPhx_gxtLYFgoOtAmr86c1sW0dO038xSNagy5y_jgreG1_PxKrZZdfTpfdIdRn-LiuKcu4mCLO_YqO0a4CkMtyXTeFmQzTAf7PsDhynFHBAWcvdmsgckIjSdWGAlrChw_vXQCNxfNItRMLIJ8YuypcWdPfYDLwI-o8s49RvvYrY2QdB11eHP0Bro_P268snECzc6VYhlGdMvYK-Ca2jaU_Cy3U1Gwn9jzpL2XBcbOhbImM5BCEHNnrxLKg&amp;__tn__=%2ANK-R\" data-ft=\"{&quot;type&quot;:104,&quot;tn&quot;:&quot;*N&quot;}\"><span class=\"_5afx\"><span class=\"_58cl _5afz\" aria-label=\"hashtag\">#<\/span><span class=\"_58cm\">VICERRECTORADO<\/span><\/span><\/a><br \/>\nVI ENCUENTRO DE VICERRECTORES DE INVESTIGACI\u00d3N Y DIRECTORES DE INSTITUTOS DE LA MANCOMUNIDAD DE LOS ANDES<br \/>\nIca, 2\/10\/19.- Del 3 al 4 de octubre se realizar\u00e1 en el auditorio Ra\u00fal Porras Barrenechea el VI Encuentro de Vicerrectores de Investigaci\u00f3n y Directores de Institutos de la Mancomunidad de los Andes.<br \/>\nEl evento es promovido por la Red de Investigaci\u00f3n en Ciencia y Tecnolog\u00eda para los Andes.<\/p>\n<p><img loading=\"lazy\" decoding=\"async\" class=\"alignnone size-medium wp-image-3771\" src=\"https:\/\/www.unica.edu.pe\/noticias\/wp-content\/uploads\/2019\/10\/37-212x300.jpg\" alt=\"\" width=\"212\" height=\"300\" srcset=\"https:\/\/www.unica.edu.pe\/noticias\/wp-content\/uploads\/2019\/10\/37-212x300.jpg 212w, https:\/\/www.unica.edu.pe\/noticias\/wp-content\/uploads\/2019\/10\/37.jpg 679w\" sizes=\"auto, (max-width: 212px) 100vw, 212px\" \/><\/p>\n<p><img loading=\"lazy\" decoding=\"async\" class=\"alignnone size-medium wp-image-3772\" src=\"https:\/\/www.unica.edu.pe\/noticias\/wp-content\/uploads\/2019\/10\/38-212x300.jpg\" alt=\"\" width=\"212\" height=\"300\" srcset=\"https:\/\/www.unica.edu.pe\/noticias\/wp-content\/uploads\/2019\/10\/38-212x300.jpg 212w, https:\/\/www.unica.edu.pe\/noticias\/wp-content\/uploads\/2019\/10\/38.jpg 679w\" sizes=\"auto, (max-width: 212px) 100vw, 212px\" \/><\/p>\n","protected":false},"excerpt":{"rendered":"<p>#VICERRECTORADO VI ENCUENTRO DE VICERRECTORES DE INVESTIGACI\u00d3N Y DIRECTORES DE INSTITUTOS DE LA MANCOMUNIDAD DE LOS ANDES Ica, 2\/10\/19.- Del 3 al 4 de octubre se realizar\u00e1 en el auditorio Ra\u00fal Porras Barrenechea el VI Encuentro de Vicerrectores de Investigaci\u00f3n y Directores de Institutos de la Mancomunidad de los Andes. El evento es promovido por &hellip; <\/p>\n<p class=\"link-more\"><a href=\"https:\/\/www.unica.edu.pe\/noticias\/2019\/10\/02\/vi-encuentro-de-vicerrectores-de-investigacion-y-directores-de-institutos-de-la-mancomunidad-de-los-andes\/\" class=\"more-link\">Continuar leyendo<span class=\"screen-reader-text\"> \u00abPROGRAMA VI ENCUENTRO DE VICERRECTORES DE INVESTIGACI\u00d3N Y DIRECTORES DE INSTITUTOS DE LA MANCOMUNIDAD DE LOS ANDES\u00bb<\/span><\/a><\/p>\n","protected":false},"author":1,"featured_media":0,"comment_status":"open","ping_status":"open","sticky":false,"template":"","format":"standard","meta":{"footnotes":""},"categories":[7],"tags":[],"class_list":["post-3770","post","type-post","status-publish","format-standard","hentry","category-noticias"],"_links":{"self":[{"href":"https:\/\/www.unica.edu.pe\/noticias\/wp-json\/wp\/v2\/posts\/3770","targetHints":{"allow":["GET"]}}],"collection":[{"href":"https:\/\/www.unica.edu.pe\/noticias\/wp-json\/wp\/v2\/posts"}],"about":[{"href":"https:\/\/www.unica.edu.pe\/noticias\/wp-json\/wp\/v2\/types\/post"}],"author":[{"embeddable":true,"href":"https:\/\/www.unica.edu.pe\/noticias\/wp-json\/wp\/v2\/users\/1"}],"replies":[{"embeddable":true,"href":"https:\/\/www.unica.edu.pe\/noticias\/wp-json\/wp\/v2\/comments?post=3770"}],"version-history":[{"count":2,"href":"https:\/\/www.unica.edu.pe\/noticias\/wp-json\/wp\/v2\/posts\/3770\/revisions"}],"predecessor-version":[{"id":3786,"href":"https:\/\/www.unica.edu.pe\/noticias\/wp-json\/wp\/v2\/posts\/3770\/revisions\/3786"}],"wp:attachment":[{"href":"https:\/\/www.unica.edu.pe\/noticias\/wp-json\/wp\/v2\/media?parent=3770"}],"wp:term":[{"taxonomy":"category","embeddable":true,"href":"https:\/\/www.unica.edu.pe\/noticias\/wp-json\/wp\/v2\/categories?post=3770"},{"taxonomy":"post_tag","embeddable":true,"href":"https:\/\/www.unica.edu.pe\/noticias\/wp-json\/wp\/v2\/tags?post=3770"}],"curies":[{"name":"wp","href":"https:\/\/api.w.org\/{rel}","templated":true}]}}