{"id":37219,"date":"2025-06-26T08:03:00","date_gmt":"2025-06-26T13:03:00","guid":{"rendered":"https:\/\/www.unica.edu.pe\/noticias\/?p=37219"},"modified":"2025-06-27T11:40:37","modified_gmt":"2025-06-27T16:40:37","slug":"invitacion-a-bendicion-de-chaquetas-en-la-facultad-de-psicologia","status":"publish","type":"post","link":"https:\/\/www.unica.edu.pe\/noticias\/2025\/06\/26\/invitacion-a-bendicion-de-chaquetas-en-la-facultad-de-psicologia\/","title":{"rendered":"INVITACI\u00d3N A BENDICION DE CHAQUETAS EN LA FACULTAD DE PSICOLOG\u00cdA."},"content":{"rendered":"\n<p><a href=\"https:\/\/www.facebook.com\/hashtag\/psicologia?__eep__=6&amp;__cft__[0]=AZUvT0SVcdXlKtfGVcc5Zzp09y6yCYfEsRKhv7s-5HpqIy_Zb6z9HF8OQm3-KmNVM6Nr68dwHYery1OPOWb5p6qo1x1yPcq2fTQbuNLIEpSXneoW5XmYw7RF7PV0FCHp1WOYRHHSEWydr07Uec2JEUSccqlK_AkIETN24UGkEXDSfecvVMP-pM7Wd0fB2gdmv18&amp;__tn__=*NK-R\">#psicologia<\/a> | INVITACI\u00d3N ESPECIAL<\/p>\n\n\n\n<p><a><\/a>La Facultad de Psicolog\u00eda de la<\/p>\n\n\n\n<p>Universidad Nacional \u201cSan Luis Gonzaga\u201d<\/p>\n\n\n\n<p>Tiene el honor de invitar a usted a la<\/p>\n\n\n\n<p>Ceremonia de Bendici\u00f3n de Chaquetas<\/p>\n\n\n\n<p>de nuestros estudiantes, acto simb\u00f3lico que marca un paso importante en su formaci\u00f3n profesional.<\/p>\n\n\n\n<p><img loading=\"lazy\" decoding=\"async\" height=\"16\" width=\"16\" alt=\"\ud83d\udcc5\" src=\"https:\/\/static.xx.fbcdn.net\/images\/emoji.php\/v9\/t7e\/1\/16\/1f4c5.png\"> Fecha: Viernes, 27 de junio de 2025<\/p>\n\n\n\n<p><img loading=\"lazy\" decoding=\"async\" height=\"16\" width=\"16\" alt=\"\ud83d\udd63\" src=\"https:\/\/static.xx.fbcdn.net\/images\/emoji.php\/v9\/tca\/1\/16\/1f563.png\"> Hora: 8:30 a.m.<\/p>\n\n\n\n<p><img loading=\"lazy\" decoding=\"async\" height=\"16\" width=\"16\" alt=\"\ud83d\udccd\" src=\"https:\/\/static.xx.fbcdn.net\/images\/emoji.php\/v9\/t2d\/1\/16\/1f4cd.png\"> Lugar: Auditorio de la Facultad de Psicolog\u00eda<\/p>\n\n\n\n<p>Este evento contar\u00e1 con la participaci\u00f3n de los docentes y estudiantes de la facultad.<\/p>\n\n\n\n<p>Invita:<\/p>\n\n\n\n<p>Dr. M\u00e1ximo Isaac Sevillano D\u00edaz<\/p>\n\n\n\n<p>Decano de la Facultad de Psicolog\u00eda<\/p>\n\n\n\n<p>Su presencia dar\u00e1 realce a esta significativa ceremonia.<\/p>\n\n\n\n<p>\u00a1Los esperamos!<\/p>\n\n\n\n<figure class=\"wp-block-image size-full\"><img loading=\"lazy\" decoding=\"async\" width=\"511\" height=\"720\" src=\"https:\/\/www.unica.edu.pe\/noticias\/wp-content\/uploads\/2025\/06\/image-264.png\" alt=\"\" class=\"wp-image-37220\" srcset=\"https:\/\/www.unica.edu.pe\/noticias\/wp-content\/uploads\/2025\/06\/image-264.png 511w, https:\/\/www.unica.edu.pe\/noticias\/wp-content\/uploads\/2025\/06\/image-264-213x300.png 213w\" sizes=\"auto, (max-width: 511px) 100vw, 511px\" \/><\/figure>\n","protected":false},"excerpt":{"rendered":"<p>#psicologia | INVITACI\u00d3N ESPECIAL La Facultad de Psicolog\u00eda de la Universidad Nacional \u201cSan Luis Gonzaga\u201d Tiene el honor de invitar a usted a la Ceremonia de Bendici\u00f3n de Chaquetas de nuestros estudiantes, acto simb\u00f3lico que marca un paso importante en su formaci\u00f3n profesional. Fecha: Viernes, 27 de junio de 2025 Hora: 8:30 a.m. Lugar: Auditorio &hellip; <\/p>\n<p class=\"link-more\"><a href=\"https:\/\/www.unica.edu.pe\/noticias\/2025\/06\/26\/invitacion-a-bendicion-de-chaquetas-en-la-facultad-de-psicologia\/\" class=\"more-link\">Continuar leyendo<span class=\"screen-reader-text\"> \u00abINVITACI\u00d3N A BENDICION DE CHAQUETAS EN LA FACULTAD DE PSICOLOG\u00cdA.\u00bb<\/span><\/a><\/p>\n","protected":false},"author":4,"featured_media":0,"comment_status":"closed","ping_status":"open","sticky":false,"template":"","format":"standard","meta":{"footnotes":""},"categories":[7],"tags":[],"class_list":["post-37219","post","type-post","status-publish","format-standard","hentry","category-noticias"],"_links":{"self":[{"href":"https:\/\/www.unica.edu.pe\/noticias\/wp-json\/wp\/v2\/posts\/37219","targetHints":{"allow":["GET"]}}],"collection":[{"href":"https:\/\/www.unica.edu.pe\/noticias\/wp-json\/wp\/v2\/posts"}],"about":[{"href":"https:\/\/www.unica.edu.pe\/noticias\/wp-json\/wp\/v2\/types\/post"}],"author":[{"embeddable":true,"href":"https:\/\/www.unica.edu.pe\/noticias\/wp-json\/wp\/v2\/users\/4"}],"replies":[{"embeddable":true,"href":"https:\/\/www.unica.edu.pe\/noticias\/wp-json\/wp\/v2\/comments?post=37219"}],"version-history":[{"count":1,"href":"https:\/\/www.unica.edu.pe\/noticias\/wp-json\/wp\/v2\/posts\/37219\/revisions"}],"predecessor-version":[{"id":37221,"href":"https:\/\/www.unica.edu.pe\/noticias\/wp-json\/wp\/v2\/posts\/37219\/revisions\/37221"}],"wp:attachment":[{"href":"https:\/\/www.unica.edu.pe\/noticias\/wp-json\/wp\/v2\/media?parent=37219"}],"wp:term":[{"taxonomy":"category","embeddable":true,"href":"https:\/\/www.unica.edu.pe\/noticias\/wp-json\/wp\/v2\/categories?post=37219"},{"taxonomy":"post_tag","embeddable":true,"href":"https:\/\/www.unica.edu.pe\/noticias\/wp-json\/wp\/v2\/tags?post=37219"}],"curies":[{"name":"wp","href":"https:\/\/api.w.org\/{rel}","templated":true}]}}