{"id":37210,"date":"2025-06-25T20:21:00","date_gmt":"2025-06-26T01:21:00","guid":{"rendered":"https:\/\/www.unica.edu.pe\/noticias\/?p=37210"},"modified":"2025-06-27T11:37:05","modified_gmt":"2025-06-27T16:37:05","slug":"vri-creacion-del-grupo-de-investigacion-interdisciplinario-en-la-facultad-de-ciencias-de-la-educacion-y-humanidades","status":"publish","type":"post","link":"https:\/\/www.unica.edu.pe\/noticias\/2025\/06\/25\/vri-creacion-del-grupo-de-investigacion-interdisciplinario-en-la-facultad-de-ciencias-de-la-educacion-y-humanidades\/","title":{"rendered":"VRI | CREACI\u00d3N DEL GRUPO DE INVESTIGACI\u00d3N INTERDISCIPLINARIO EN LA FACULTAD DE CIENCIAS DE LA EDUCACI\u00d3N Y HUMANIDADES."},"content":{"rendered":"\n<p><a href=\"https:\/\/www.facebook.com\/hashtag\/gruposdeinvestigaci%C3%B3n?__eep__=6&amp;__cft__[0]=AZVrw71jbfL8ubLAJLnpWPjxx6bYwOuBycH827X48R4s0ngrKrxj00WXq5KlB45tabGnwyTV2qZGW2xLGJIERXC9cUbLWouTc1t33XD4ICkNw8O6W46VtPTXD8MerYyAbBQMzOieavqlUJ0IBu8oZ90EwTG3aj8F9C7HMuGYcMe8q4eX8W2zbyyKpbJVQvmIr8ZZjj6SNYw7u9mFlIvPXXzc9JXUiei3e_cmuKvmmVK5-A&amp;__tn__=*NK-y-R\">#GruposdeInvestigaci\u00f3n<\/a> | <img loading=\"lazy\" decoding=\"async\" height=\"16\" width=\"16\" alt=\"\ud83c\udf93\" src=\"https:\/\/static.xx.fbcdn.net\/images\/emoji.php\/v9\/t25\/1\/16\/1f393.png\"><img loading=\"lazy\" decoding=\"async\" height=\"16\" width=\"16\" alt=\"\ud83d\udcd6\" src=\"https:\/\/static.xx.fbcdn.net\/images\/emoji.php\/v9\/t9e\/1\/16\/1f4d6.png\"> \u00a1Un hito para la investigaci\u00f3n en nuestra universidad!<\/p>\n\n\n\n<p>En <a><\/a>la gesti\u00f3n del rector Dr. Dante Calder\u00f3n Huaman\u00ed, y gracias al impulso de la Dra. Cecilia Paquita Uribe Quiroz, Vicerrectora de Investigaci\u00f3n, se ha logrado la creaci\u00f3n del primer Grupo de Investigaci\u00f3n Interdisciplinario en la Facultad de Ciencias de la Educaci\u00f3n y Humanidades.<\/p>\n\n\n\n<p><img loading=\"lazy\" decoding=\"async\" height=\"16\" width=\"16\" alt=\"\ud83d\ude4c\" src=\"https:\/\/static.xx.fbcdn.net\/images\/emoji.php\/v9\/tfd\/1\/16\/1f64c.png\"> Felicitamos a los docentes investigadores que integran este grupo pionero, cuyo compromiso acad\u00e9mico marca el inicio de una nueva etapa en la producci\u00f3n cient\u00edfica de la facultad.<\/p>\n\n\n\n<p><img loading=\"lazy\" decoding=\"async\" height=\"16\" width=\"16\" alt=\"\ud83d\udd2c\" src=\"https:\/\/static.xx.fbcdn.net\/images\/emoji.php\/v9\/t7e\/1\/16\/1f52c.png\"><img loading=\"lazy\" decoding=\"async\" height=\"16\" width=\"16\" alt=\"\u2728\" src=\"https:\/\/static.xx.fbcdn.net\/images\/emoji.php\/v9\/tf4\/1\/16\/2728.png\"> \u00a1La investigaci\u00f3n avanza, la universidad crece!<\/p>\n\n\n\n<p><img loading=\"lazy\" decoding=\"async\" height=\"16\" width=\"16\" alt=\"\ud83d\udccc\" src=\"https:\/\/static.xx.fbcdn.net\/images\/emoji.php\/v9\/tac\/1\/16\/1f4cc.png\"> Este logro tambi\u00e9n ha sido posible gracias al trabajo y acompa\u00f1amiento de nuestros gestores de investigaci\u00f3n, quienes vienen impulsando con dedicaci\u00f3n la articulaci\u00f3n entre docentes, estudiantes y proyectos.<\/p>\n\n\n\n<p><a href=\"https:\/\/www.facebook.com\/hashtag\/investigaci%C3%B3nunica?__eep__=6&amp;__cft__[0]=AZVrw71jbfL8ubLAJLnpWPjxx6bYwOuBycH827X48R4s0ngrKrxj00WXq5KlB45tabGnwyTV2qZGW2xLGJIERXC9cUbLWouTc1t33XD4ICkNw8O6W46VtPTXD8MerYyAbBQMzOieavqlUJ0IBu8oZ90EwTG3aj8F9C7HMuGYcMe8q4eX8W2zbyyKpbJVQvmIr8ZZjj6SNYw7u9mFlIvPXXzc9JXUiei3e_cmuKvmmVK5-A&amp;__tn__=*NK-y-R\">#Investigaci\u00f3nUNICA<\/a><a href=\"https:\/\/www.facebook.com\/hashtag\/facultaddeeducaci%C3%B3nyhumanidades?__eep__=6&amp;__cft__[0]=AZVrw71jbfL8ubLAJLnpWPjxx6bYwOuBycH827X48R4s0ngrKrxj00WXq5KlB45tabGnwyTV2qZGW2xLGJIERXC9cUbLWouTc1t33XD4ICkNw8O6W46VtPTXD8MerYyAbBQMzOieavqlUJ0IBu8oZ90EwTG3aj8F9C7HMuGYcMe8q4eX8W2zbyyKpbJVQvmIr8ZZjj6SNYw7u9mFlIvPXXzc9JXUiei3e_cmuKvmmVK5-A&amp;__tn__=*NK-y-R\">#FacultadDeEducaci\u00f3nYHumanidades<\/a><a href=\"https:\/\/www.facebook.com\/hashtag\/vicerrectoradodeinvestigaci%C3%B3n?__eep__=6&amp;__cft__[0]=AZVrw71jbfL8ubLAJLnpWPjxx6bYwOuBycH827X48R4s0ngrKrxj00WXq5KlB45tabGnwyTV2qZGW2xLGJIERXC9cUbLWouTc1t33XD4ICkNw8O6W46VtPTXD8MerYyAbBQMzOieavqlUJ0IBu8oZ90EwTG3aj8F9C7HMuGYcMe8q4eX8W2zbyyKpbJVQvmIr8ZZjj6SNYw7u9mFlIvPXXzc9JXUiei3e_cmuKvmmVK5-A&amp;__tn__=*NK-y-R\">#VicerrectoradoDeInvestigaci\u00f3n<\/a><a href=\"https:\/\/www.facebook.com\/hashtag\/gesti%C3%B3nqueimpulsalaciencia?__eep__=6&amp;__cft__[0]=AZVrw71jbfL8ubLAJLnpWPjxx6bYwOuBycH827X48R4s0ngrKrxj00WXq5KlB45tabGnwyTV2qZGW2xLGJIERXC9cUbLWouTc1t33XD4ICkNw8O6W46VtPTXD8MerYyAbBQMzOieavqlUJ0IBu8oZ90EwTG3aj8F9C7HMuGYcMe8q4eX8W2zbyyKpbJVQvmIr8ZZjj6SNYw7u9mFlIvPXXzc9JXUiei3e_cmuKvmmVK5-A&amp;__tn__=*NK-y-R\">#Gesti\u00f3nQueImpulsaLaCiencia<\/a><a href=\"https:\/\/www.facebook.com\/hashtag\/gruposdeinvestigaci%C3%B3n?__eep__=6&amp;__cft__[0]=AZVrw71jbfL8ubLAJLnpWPjxx6bYwOuBycH827X48R4s0ngrKrxj00WXq5KlB45tabGnwyTV2qZGW2xLGJIERXC9cUbLWouTc1t33XD4ICkNw8O6W46VtPTXD8MerYyAbBQMzOieavqlUJ0IBu8oZ90EwTG3aj8F9C7HMuGYcMe8q4eX8W2zbyyKpbJVQvmIr8ZZjj6SNYw7u9mFlIvPXXzc9JXUiei3e_cmuKvmmVK5-A&amp;__tn__=*NK-y-R\">#GruposDeInvestigaci\u00f3n<\/a><a href=\"https:\/\/www.facebook.com\/hashtag\/gestoresdeinvestigaci%C3%B3n?__eep__=6&amp;__cft__[0]=AZVrw71jbfL8ubLAJLnpWPjxx6bYwOuBycH827X48R4s0ngrKrxj00WXq5KlB45tabGnwyTV2qZGW2xLGJIERXC9cUbLWouTc1t33XD4ICkNw8O6W46VtPTXD8MerYyAbBQMzOieavqlUJ0IBu8oZ90EwTG3aj8F9C7HMuGYcMe8q4eX8W2zbyyKpbJVQvmIr8ZZjj6SNYw7u9mFlIvPXXzc9JXUiei3e_cmuKvmmVK5-A&amp;__tn__=*NK-y-R\">#GestoresDeInvestigaci\u00f3n<\/a><\/p>\n\n\n\n<figure class=\"wp-block-image size-full\"><img loading=\"lazy\" decoding=\"async\" width=\"526\" height=\"526\" src=\"https:\/\/www.unica.edu.pe\/noticias\/wp-content\/uploads\/2025\/06\/image-261.png\" alt=\"\" class=\"wp-image-37211\" srcset=\"https:\/\/www.unica.edu.pe\/noticias\/wp-content\/uploads\/2025\/06\/image-261.png 526w, https:\/\/www.unica.edu.pe\/noticias\/wp-content\/uploads\/2025\/06\/image-261-300x300.png 300w, https:\/\/www.unica.edu.pe\/noticias\/wp-content\/uploads\/2025\/06\/image-261-150x150.png 150w, https:\/\/www.unica.edu.pe\/noticias\/wp-content\/uploads\/2025\/06\/image-261-100x100.png 100w\" sizes=\"auto, (max-width: 526px) 100vw, 526px\" \/><\/figure>\n","protected":false},"excerpt":{"rendered":"<p>#GruposdeInvestigaci\u00f3n | \u00a1Un hito para la investigaci\u00f3n en nuestra universidad! En la gesti\u00f3n del rector Dr. Dante Calder\u00f3n Huaman\u00ed, y gracias al impulso de la Dra. Cecilia Paquita Uribe Quiroz, Vicerrectora de Investigaci\u00f3n, se ha logrado la creaci\u00f3n del primer Grupo de Investigaci\u00f3n Interdisciplinario en la Facultad de Ciencias de la Educaci\u00f3n y Humanidades. Felicitamos &hellip; <\/p>\n<p class=\"link-more\"><a href=\"https:\/\/www.unica.edu.pe\/noticias\/2025\/06\/25\/vri-creacion-del-grupo-de-investigacion-interdisciplinario-en-la-facultad-de-ciencias-de-la-educacion-y-humanidades\/\" class=\"more-link\">Continuar leyendo<span class=\"screen-reader-text\"> \u00abVRI | CREACI\u00d3N DEL GRUPO DE INVESTIGACI\u00d3N INTERDISCIPLINARIO EN LA FACULTAD DE CIENCIAS DE LA EDUCACI\u00d3N Y HUMANIDADES.\u00bb<\/span><\/a><\/p>\n","protected":false},"author":4,"featured_media":0,"comment_status":"closed","ping_status":"open","sticky":false,"template":"","format":"standard","meta":{"footnotes":""},"categories":[17],"tags":[],"class_list":["post-37210","post","type-post","status-publish","format-standard","hentry","category-vicerrectorado-de-investigacion"],"_links":{"self":[{"href":"https:\/\/www.unica.edu.pe\/noticias\/wp-json\/wp\/v2\/posts\/37210","targetHints":{"allow":["GET"]}}],"collection":[{"href":"https:\/\/www.unica.edu.pe\/noticias\/wp-json\/wp\/v2\/posts"}],"about":[{"href":"https:\/\/www.unica.edu.pe\/noticias\/wp-json\/wp\/v2\/types\/post"}],"author":[{"embeddable":true,"href":"https:\/\/www.unica.edu.pe\/noticias\/wp-json\/wp\/v2\/users\/4"}],"replies":[{"embeddable":true,"href":"https:\/\/www.unica.edu.pe\/noticias\/wp-json\/wp\/v2\/comments?post=37210"}],"version-history":[{"count":1,"href":"https:\/\/www.unica.edu.pe\/noticias\/wp-json\/wp\/v2\/posts\/37210\/revisions"}],"predecessor-version":[{"id":37212,"href":"https:\/\/www.unica.edu.pe\/noticias\/wp-json\/wp\/v2\/posts\/37210\/revisions\/37212"}],"wp:attachment":[{"href":"https:\/\/www.unica.edu.pe\/noticias\/wp-json\/wp\/v2\/media?parent=37210"}],"wp:term":[{"taxonomy":"category","embeddable":true,"href":"https:\/\/www.unica.edu.pe\/noticias\/wp-json\/wp\/v2\/categories?post=37210"},{"taxonomy":"post_tag","embeddable":true,"href":"https:\/\/www.unica.edu.pe\/noticias\/wp-json\/wp\/v2\/tags?post=37210"}],"curies":[{"name":"wp","href":"https:\/\/api.w.org\/{rel}","templated":true}]}}