{"id":37050,"date":"2025-06-21T08:20:00","date_gmt":"2025-06-21T13:20:00","guid":{"rendered":"https:\/\/www.unica.edu.pe\/noticias\/?p=37050"},"modified":"2025-06-24T08:14:22","modified_gmt":"2025-06-24T13:14:22","slug":"saludo-institucional-a-la-facultad-de-derecho-y-ciencia-politica-por-sus-62o-aniversario","status":"publish","type":"post","link":"https:\/\/www.unica.edu.pe\/noticias\/2025\/06\/21\/saludo-institucional-a-la-facultad-de-derecho-y-ciencia-politica-por-sus-62o-aniversario\/","title":{"rendered":"SALUDO INSTITUCIONAL A LA FACULTAD DE DERECHO Y CIENCIA POL\u00cdTICA POR SUS 62\u00ba ANIVERSARIO"},"content":{"rendered":"\n<p><a href=\"https:\/\/www.facebook.com\/hashtag\/saludosinstitucionales2025?__eep__=6&amp;__cft__[0]=AZWhhdaW8bdx9HSlbBDw53BbAVIUrYT60KKq2Xf0F1m6uG_oqVMA5u8XdbMk-5Bmt46ahwsktLXVXR8U2zX4UCECwfGi5RArSo_JLuA9ZMaZPPRKR9Esy2HXhcgac1XN1NBYcTj_ZESv7rMNmf8u2leBAxukmzXH8cVdd5xAgmnavQiGoH2JbeziAWxBcVVJPtM&amp;__tn__=*NK-R\">#SaludosInstitucionales2025<\/a> | Saludo Institucional por el 62.\u00ba Aniversario de la Facultad de Derecho y Ciencia Pol\u00edtica <img loading=\"lazy\" decoding=\"async\" height=\"16\" width=\"16\" alt=\"\ud83c\udf93\" src=\"https:\/\/static.xx.fbcdn.net\/images\/emoji.php\/v9\/t25\/1\/16\/1f393.png\"><\/p>\n\n\n\n<p>El <a><\/a>rector de la Universidad Nacional San Luis Gonzaga, expresa su m\u00e1s afectuoso y respetuoso saludo al decano Dr. Wenceslao Miguel Quispe Segovia, as\u00ed como a los miembros del consejo de facultad, docentes, personal administrativo, no docente y estudiantes de la:<\/p>\n\n\n\n<p>Facultad de Derecho y Ciencia Pol\u00edtica<\/p>\n\n\n\n<p>Al conmemorarse el 62.\u00ba aniversario de creaci\u00f3n institucional de esta prestigiosa facultad, en esta fecha especial, reconocemos su destacada labor en la formaci\u00f3n de profesionales con vocaci\u00f3n de justicia, su firme defensa de los valores democr\u00e1ticos y su contribuci\u00f3n al fortalecimiento del Estado de Derecho en el pa\u00eds.<\/p>\n\n\n\n<p>\u00a1Feliz aniversario, Facultad de Derecho y Ciencia Pol\u00edtica! <img loading=\"lazy\" decoding=\"async\" height=\"16\" width=\"16\" alt=\"\ud83c\udf89\" src=\"https:\/\/static.xx.fbcdn.net\/images\/emoji.php\/v9\/t8c\/1\/16\/1f389.png\"><img loading=\"lazy\" decoding=\"async\" height=\"16\" width=\"16\" alt=\"\u2696\ufe0f\" src=\"https:\/\/static.xx.fbcdn.net\/images\/emoji.php\/v9\/ta\/1\/16\/2696.png\"><\/p>\n\n\n\n<p><a href=\"https:\/\/www.facebook.com\/hashtag\/62aniversario?__eep__=6&amp;__cft__[0]=AZWhhdaW8bdx9HSlbBDw53BbAVIUrYT60KKq2Xf0F1m6uG_oqVMA5u8XdbMk-5Bmt46ahwsktLXVXR8U2zX4UCECwfGi5RArSo_JLuA9ZMaZPPRKR9Esy2HXhcgac1XN1NBYcTj_ZESv7rMNmf8u2leBAxukmzXH8cVdd5xAgmnavQiGoH2JbeziAWxBcVVJPtM&amp;__tn__=*NK-R\">#62Aniversario<\/a><\/p>\n\n\n\n<p><a href=\"https:\/\/www.facebook.com\/hashtag\/derechoycienciapol%C3%ADticaunslg?__eep__=6&amp;__cft__[0]=AZWhhdaW8bdx9HSlbBDw53BbAVIUrYT60KKq2Xf0F1m6uG_oqVMA5u8XdbMk-5Bmt46ahwsktLXVXR8U2zX4UCECwfGi5RArSo_JLuA9ZMaZPPRKR9Esy2HXhcgac1XN1NBYcTj_ZESv7rMNmf8u2leBAxukmzXH8cVdd5xAgmnavQiGoH2JbeziAWxBcVVJPtM&amp;__tn__=*NK-R\">#DerechoyCienciaPol\u00edticaUNSLG<\/a><\/p>\n","protected":false},"excerpt":{"rendered":"<p>#SaludosInstitucionales2025 | Saludo Institucional por el 62.\u00ba Aniversario de la Facultad de Derecho y Ciencia Pol\u00edtica El rector de la Universidad Nacional San Luis Gonzaga, expresa su m\u00e1s afectuoso y respetuoso saludo al decano Dr. Wenceslao Miguel Quispe Segovia, as\u00ed como a los miembros del consejo de facultad, docentes, personal administrativo, no docente y estudiantes &hellip; <\/p>\n<p class=\"link-more\"><a href=\"https:\/\/www.unica.edu.pe\/noticias\/2025\/06\/21\/saludo-institucional-a-la-facultad-de-derecho-y-ciencia-politica-por-sus-62o-aniversario\/\" class=\"more-link\">Continuar leyendo<span class=\"screen-reader-text\"> \u00abSALUDO INSTITUCIONAL A LA FACULTAD DE DERECHO Y CIENCIA POL\u00cdTICA POR SUS 62\u00ba ANIVERSARIO\u00bb<\/span><\/a><\/p>\n","protected":false},"author":4,"featured_media":0,"comment_status":"closed","ping_status":"open","sticky":false,"template":"","format":"standard","meta":{"footnotes":""},"categories":[13],"tags":[],"class_list":["post-37050","post","type-post","status-publish","format-standard","hentry","category-saludos-institucionales"],"_links":{"self":[{"href":"https:\/\/www.unica.edu.pe\/noticias\/wp-json\/wp\/v2\/posts\/37050","targetHints":{"allow":["GET"]}}],"collection":[{"href":"https:\/\/www.unica.edu.pe\/noticias\/wp-json\/wp\/v2\/posts"}],"about":[{"href":"https:\/\/www.unica.edu.pe\/noticias\/wp-json\/wp\/v2\/types\/post"}],"author":[{"embeddable":true,"href":"https:\/\/www.unica.edu.pe\/noticias\/wp-json\/wp\/v2\/users\/4"}],"replies":[{"embeddable":true,"href":"https:\/\/www.unica.edu.pe\/noticias\/wp-json\/wp\/v2\/comments?post=37050"}],"version-history":[{"count":1,"href":"https:\/\/www.unica.edu.pe\/noticias\/wp-json\/wp\/v2\/posts\/37050\/revisions"}],"predecessor-version":[{"id":37051,"href":"https:\/\/www.unica.edu.pe\/noticias\/wp-json\/wp\/v2\/posts\/37050\/revisions\/37051"}],"wp:attachment":[{"href":"https:\/\/www.unica.edu.pe\/noticias\/wp-json\/wp\/v2\/media?parent=37050"}],"wp:term":[{"taxonomy":"category","embeddable":true,"href":"https:\/\/www.unica.edu.pe\/noticias\/wp-json\/wp\/v2\/categories?post=37050"},{"taxonomy":"post_tag","embeddable":true,"href":"https:\/\/www.unica.edu.pe\/noticias\/wp-json\/wp\/v2\/tags?post=37050"}],"curies":[{"name":"wp","href":"https:\/\/api.w.org\/{rel}","templated":true}]}}