{"id":37047,"date":"2025-06-21T08:06:00","date_gmt":"2025-06-21T13:06:00","guid":{"rendered":"https:\/\/www.unica.edu.pe\/noticias\/?p=37047"},"modified":"2025-06-24T08:13:19","modified_gmt":"2025-06-24T13:13:19","slug":"saludo-institucional-a-la-facultad-de-medicina-humana-por-sus-62o-aniversario","status":"publish","type":"post","link":"https:\/\/www.unica.edu.pe\/noticias\/2025\/06\/21\/saludo-institucional-a-la-facultad-de-medicina-humana-por-sus-62o-aniversario\/","title":{"rendered":"SALUDO INSTITUCIONAL A LA FACULTAD DE MEDICINA HUMANA POR SUS 62\u00ba ANIVERSARIO"},"content":{"rendered":"\n<p><a href=\"https:\/\/www.facebook.com\/hashtag\/saludosinstitucionales2025?__eep__=6&amp;__cft__[0]=AZVufO-BAmadDvAQ3sSkh9rpxQx7ttHD31eQpPjpGiRxAqlKNgG2iagQnviXFbcpalsHruSLW4KlaOSzn5B4rAS9vq1sVRh4bYvpeLOmAkiC2bxCJ3gX_-lTGwKl_K30EEa-bsbYmpPO0S6fUlNALQF_w7l857ymtkbJpPvEMRoNpGenM7L5CCpIkFoGAnNLJ9I&amp;__tn__=*NK-R\">#SaludosInstitucionales2025<\/a> | Saludo Institucional por el 62.\u00ba Aniversario de la Facultad de Medicina Humana <img loading=\"lazy\" decoding=\"async\" height=\"16\" width=\"16\" alt=\"\ud83c\udf93\" src=\"https:\/\/static.xx.fbcdn.net\/images\/emoji.php\/v9\/t25\/1\/16\/1f393.png\"><\/p>\n\n\n\n<p>El <a><\/a>rector de la Universidad Nacional San Luis Gonzaga, extiende su m\u00e1s afectuoso y respetuoso saludo al decano Dr. Francisco Roberto Munive Bendez\u00fa, as\u00ed como a los miembros del consejo de facultad, docentes, personal administrativo, no docente y estudiantes de la:<\/p>\n\n\n\n<p>Facultad de Medicina Humana<\/p>\n\n\n\n<p>Al conmemorarse el 62.\u00ba aniversario de creaci\u00f3n institucional de esta emblem\u00e1tica facultad, en esta fecha especial, reconocemos su incansable labor en la formaci\u00f3n de m\u00e9dicos comprometidos con la salud p\u00fablica, su excelencia acad\u00e9mica y su valioso aporte al bienestar de la sociedad.<\/p>\n\n\n\n<p>\u00a1Feliz aniversario, Facultad de Medicina Humana! <img loading=\"lazy\" decoding=\"async\" height=\"16\" width=\"16\" alt=\"\ud83c\udf89\" src=\"https:\/\/static.xx.fbcdn.net\/images\/emoji.php\/v9\/t8c\/1\/16\/1f389.png\"><img loading=\"lazy\" decoding=\"async\" height=\"16\" width=\"16\" alt=\"\ud83e\ude7a\" src=\"https:\/\/static.xx.fbcdn.net\/images\/emoji.php\/v9\/tc3\/1\/16\/1fa7a.png\"><\/p>\n\n\n\n<p><a href=\"https:\/\/www.facebook.com\/hashtag\/62aniversario?__eep__=6&amp;__cft__[0]=AZVufO-BAmadDvAQ3sSkh9rpxQx7ttHD31eQpPjpGiRxAqlKNgG2iagQnviXFbcpalsHruSLW4KlaOSzn5B4rAS9vq1sVRh4bYvpeLOmAkiC2bxCJ3gX_-lTGwKl_K30EEa-bsbYmpPO0S6fUlNALQF_w7l857ymtkbJpPvEMRoNpGenM7L5CCpIkFoGAnNLJ9I&amp;__tn__=*NK-R\">#62Aniversario<\/a><\/p>\n\n\n\n<p><a href=\"https:\/\/www.facebook.com\/hashtag\/medicinahumanaunslg?__eep__=6&amp;__cft__[0]=AZVufO-BAmadDvAQ3sSkh9rpxQx7ttHD31eQpPjpGiRxAqlKNgG2iagQnviXFbcpalsHruSLW4KlaOSzn5B4rAS9vq1sVRh4bYvpeLOmAkiC2bxCJ3gX_-lTGwKl_K30EEa-bsbYmpPO0S6fUlNALQF_w7l857ymtkbJpPvEMRoNpGenM7L5CCpIkFoGAnNLJ9I&amp;__tn__=*NK-R\">#MedicinaHumanaUNSLG<\/a><\/p>\n\n\n\n<figure class=\"wp-block-image size-full\"><img loading=\"lazy\" decoding=\"async\" width=\"526\" height=\"526\" src=\"https:\/\/www.unica.edu.pe\/noticias\/wp-content\/uploads\/2025\/06\/image-212.png\" alt=\"\" class=\"wp-image-37048\" srcset=\"https:\/\/www.unica.edu.pe\/noticias\/wp-content\/uploads\/2025\/06\/image-212.png 526w, https:\/\/www.unica.edu.pe\/noticias\/wp-content\/uploads\/2025\/06\/image-212-300x300.png 300w, https:\/\/www.unica.edu.pe\/noticias\/wp-content\/uploads\/2025\/06\/image-212-150x150.png 150w, https:\/\/www.unica.edu.pe\/noticias\/wp-content\/uploads\/2025\/06\/image-212-100x100.png 100w\" sizes=\"auto, (max-width: 526px) 100vw, 526px\" \/><\/figure>\n\n\n\n<p><\/p>\n","protected":false},"excerpt":{"rendered":"<p>#SaludosInstitucionales2025 | Saludo Institucional por el 62.\u00ba Aniversario de la Facultad de Medicina Humana El rector de la Universidad Nacional San Luis Gonzaga, extiende su m\u00e1s afectuoso y respetuoso saludo al decano Dr. Francisco Roberto Munive Bendez\u00fa, as\u00ed como a los miembros del consejo de facultad, docentes, personal administrativo, no docente y estudiantes de la: &hellip; <\/p>\n<p class=\"link-more\"><a href=\"https:\/\/www.unica.edu.pe\/noticias\/2025\/06\/21\/saludo-institucional-a-la-facultad-de-medicina-humana-por-sus-62o-aniversario\/\" class=\"more-link\">Continuar leyendo<span class=\"screen-reader-text\"> \u00abSALUDO INSTITUCIONAL A LA FACULTAD DE MEDICINA HUMANA POR SUS 62\u00ba ANIVERSARIO\u00bb<\/span><\/a><\/p>\n","protected":false},"author":4,"featured_media":0,"comment_status":"closed","ping_status":"open","sticky":false,"template":"","format":"standard","meta":{"footnotes":""},"categories":[13],"tags":[],"class_list":["post-37047","post","type-post","status-publish","format-standard","hentry","category-saludos-institucionales"],"_links":{"self":[{"href":"https:\/\/www.unica.edu.pe\/noticias\/wp-json\/wp\/v2\/posts\/37047","targetHints":{"allow":["GET"]}}],"collection":[{"href":"https:\/\/www.unica.edu.pe\/noticias\/wp-json\/wp\/v2\/posts"}],"about":[{"href":"https:\/\/www.unica.edu.pe\/noticias\/wp-json\/wp\/v2\/types\/post"}],"author":[{"embeddable":true,"href":"https:\/\/www.unica.edu.pe\/noticias\/wp-json\/wp\/v2\/users\/4"}],"replies":[{"embeddable":true,"href":"https:\/\/www.unica.edu.pe\/noticias\/wp-json\/wp\/v2\/comments?post=37047"}],"version-history":[{"count":1,"href":"https:\/\/www.unica.edu.pe\/noticias\/wp-json\/wp\/v2\/posts\/37047\/revisions"}],"predecessor-version":[{"id":37049,"href":"https:\/\/www.unica.edu.pe\/noticias\/wp-json\/wp\/v2\/posts\/37047\/revisions\/37049"}],"wp:attachment":[{"href":"https:\/\/www.unica.edu.pe\/noticias\/wp-json\/wp\/v2\/media?parent=37047"}],"wp:term":[{"taxonomy":"category","embeddable":true,"href":"https:\/\/www.unica.edu.pe\/noticias\/wp-json\/wp\/v2\/categories?post=37047"},{"taxonomy":"post_tag","embeddable":true,"href":"https:\/\/www.unica.edu.pe\/noticias\/wp-json\/wp\/v2\/tags?post=37047"}],"curies":[{"name":"wp","href":"https:\/\/api.w.org\/{rel}","templated":true}]}}