{"id":37044,"date":"2025-06-21T07:50:00","date_gmt":"2025-06-21T12:50:00","guid":{"rendered":"https:\/\/www.unica.edu.pe\/noticias\/?p=37044"},"modified":"2025-06-24T08:12:13","modified_gmt":"2025-06-24T13:12:13","slug":"saludo-institucional-a-la-facultad-de-odontologia-por-sus-62o-aniversario","status":"publish","type":"post","link":"https:\/\/www.unica.edu.pe\/noticias\/2025\/06\/21\/saludo-institucional-a-la-facultad-de-odontologia-por-sus-62o-aniversario\/","title":{"rendered":"SALUDO INSTITUCIONAL A LA FACULTAD DE ODONTOLOG\u00cdA POR SUS 62\u00ba ANIVERSARIO"},"content":{"rendered":"\n<p><a href=\"https:\/\/www.facebook.com\/hashtag\/saludosinstitucionales2025?__eep__=6&amp;__cft__[0]=AZUsUsDkkzB-pkNrkSIM_dn7haETNHvzDJSE68ZUc9nmuzupAVaSJWSqdUOZdAkx6NTLkMl6S-JxXlBv5QyncXiaCRYIDS7P_pSgy3Fb68TT4Z76IQQBSq--MugzDiiWYLibx_xpjC_rJEGL-IolF9crLq-HU5PqoBTqxvnfr-MrKWis13rEacEztJLXavPkSrU&amp;__tn__=*NK-R\">#SaludosInstitucionales2025<\/a> | Saludo Institucional por el 62.\u00ba Aniversario de la Facultad de Odontolog\u00eda <img loading=\"lazy\" decoding=\"async\" height=\"16\" width=\"16\" alt=\"\ud83c\udf93\" src=\"https:\/\/static.xx.fbcdn.net\/images\/emoji.php\/v9\/t25\/1\/16\/1f393.png\"><\/p>\n\n\n\n<p>El <a><\/a>rector de la Universidad Nacional San Luis Gonzaga, Dr. Dante Ferm\u00edn Calder\u00f3n Huamani, expresa su m\u00e1s afectuoso y respetuoso saludo al decano Dr. Oliver Gonzales Aedo, as\u00ed como a los integrantes del consejo de facultad, docentes, personal administrativo, no docente y estudiantes de la:<\/p>\n\n\n\n<p>Facultad de Odontolog\u00eda<\/p>\n\n\n\n<p>Al conmemorarse el 62.\u00ba aniversario de creaci\u00f3n institucional de esta destacada facultad, en esta fecha especial, destacamos su constante compromiso con la excelencia acad\u00e9mica, la formaci\u00f3n profesional especializada y su contribuci\u00f3n a la promoci\u00f3n de la salud bucal en nuestra comunidad.<\/p>\n\n\n\n<p>\u00a1Feliz aniversario, Facultad de Odontolog\u00eda! <img loading=\"lazy\" decoding=\"async\" height=\"16\" width=\"16\" alt=\"\ud83c\udf89\" src=\"https:\/\/static.xx.fbcdn.net\/images\/emoji.php\/v9\/t8c\/1\/16\/1f389.png\"><img loading=\"lazy\" decoding=\"async\" height=\"16\" width=\"16\" alt=\"\ud83e\uddb7\" src=\"https:\/\/static.xx.fbcdn.net\/images\/emoji.php\/v9\/t26\/1\/16\/1f9b7.png\"><\/p>\n\n\n\n<p><a href=\"https:\/\/www.facebook.com\/hashtag\/62aniversario?__eep__=6&amp;__cft__[0]=AZUsUsDkkzB-pkNrkSIM_dn7haETNHvzDJSE68ZUc9nmuzupAVaSJWSqdUOZdAkx6NTLkMl6S-JxXlBv5QyncXiaCRYIDS7P_pSgy3Fb68TT4Z76IQQBSq--MugzDiiWYLibx_xpjC_rJEGL-IolF9crLq-HU5PqoBTqxvnfr-MrKWis13rEacEztJLXavPkSrU&amp;__tn__=*NK-R\">#62Aniversario<\/a><\/p>\n\n\n\n<p><a href=\"https:\/\/www.facebook.com\/hashtag\/odontologiaunslg?__eep__=6&amp;__cft__[0]=AZUsUsDkkzB-pkNrkSIM_dn7haETNHvzDJSE68ZUc9nmuzupAVaSJWSqdUOZdAkx6NTLkMl6S-JxXlBv5QyncXiaCRYIDS7P_pSgy3Fb68TT4Z76IQQBSq--MugzDiiWYLibx_xpjC_rJEGL-IolF9crLq-HU5PqoBTqxvnfr-MrKWis13rEacEztJLXavPkSrU&amp;__tn__=*NK-R\">#OdontologiaUNSLG<\/a><\/p>\n\n\n\n<figure class=\"wp-block-image size-full\"><img loading=\"lazy\" decoding=\"async\" width=\"526\" height=\"526\" src=\"https:\/\/www.unica.edu.pe\/noticias\/wp-content\/uploads\/2025\/06\/image-211.png\" alt=\"\" class=\"wp-image-37045\" srcset=\"https:\/\/www.unica.edu.pe\/noticias\/wp-content\/uploads\/2025\/06\/image-211.png 526w, https:\/\/www.unica.edu.pe\/noticias\/wp-content\/uploads\/2025\/06\/image-211-300x300.png 300w, https:\/\/www.unica.edu.pe\/noticias\/wp-content\/uploads\/2025\/06\/image-211-150x150.png 150w, https:\/\/www.unica.edu.pe\/noticias\/wp-content\/uploads\/2025\/06\/image-211-100x100.png 100w\" sizes=\"auto, (max-width: 526px) 100vw, 526px\" \/><\/figure>\n","protected":false},"excerpt":{"rendered":"<p>#SaludosInstitucionales2025 | Saludo Institucional por el 62.\u00ba Aniversario de la Facultad de Odontolog\u00eda El rector de la Universidad Nacional San Luis Gonzaga, Dr. Dante Ferm\u00edn Calder\u00f3n Huamani, expresa su m\u00e1s afectuoso y respetuoso saludo al decano Dr. Oliver Gonzales Aedo, as\u00ed como a los integrantes del consejo de facultad, docentes, personal administrativo, no docente y &hellip; <\/p>\n<p class=\"link-more\"><a href=\"https:\/\/www.unica.edu.pe\/noticias\/2025\/06\/21\/saludo-institucional-a-la-facultad-de-odontologia-por-sus-62o-aniversario\/\" class=\"more-link\">Continuar leyendo<span class=\"screen-reader-text\"> \u00abSALUDO INSTITUCIONAL A LA FACULTAD DE ODONTOLOG\u00cdA POR SUS 62\u00ba ANIVERSARIO\u00bb<\/span><\/a><\/p>\n","protected":false},"author":4,"featured_media":0,"comment_status":"closed","ping_status":"open","sticky":false,"template":"","format":"standard","meta":{"footnotes":""},"categories":[13],"tags":[],"class_list":["post-37044","post","type-post","status-publish","format-standard","hentry","category-saludos-institucionales"],"_links":{"self":[{"href":"https:\/\/www.unica.edu.pe\/noticias\/wp-json\/wp\/v2\/posts\/37044","targetHints":{"allow":["GET"]}}],"collection":[{"href":"https:\/\/www.unica.edu.pe\/noticias\/wp-json\/wp\/v2\/posts"}],"about":[{"href":"https:\/\/www.unica.edu.pe\/noticias\/wp-json\/wp\/v2\/types\/post"}],"author":[{"embeddable":true,"href":"https:\/\/www.unica.edu.pe\/noticias\/wp-json\/wp\/v2\/users\/4"}],"replies":[{"embeddable":true,"href":"https:\/\/www.unica.edu.pe\/noticias\/wp-json\/wp\/v2\/comments?post=37044"}],"version-history":[{"count":1,"href":"https:\/\/www.unica.edu.pe\/noticias\/wp-json\/wp\/v2\/posts\/37044\/revisions"}],"predecessor-version":[{"id":37046,"href":"https:\/\/www.unica.edu.pe\/noticias\/wp-json\/wp\/v2\/posts\/37044\/revisions\/37046"}],"wp:attachment":[{"href":"https:\/\/www.unica.edu.pe\/noticias\/wp-json\/wp\/v2\/media?parent=37044"}],"wp:term":[{"taxonomy":"category","embeddable":true,"href":"https:\/\/www.unica.edu.pe\/noticias\/wp-json\/wp\/v2\/categories?post=37044"},{"taxonomy":"post_tag","embeddable":true,"href":"https:\/\/www.unica.edu.pe\/noticias\/wp-json\/wp\/v2\/tags?post=37044"}],"curies":[{"name":"wp","href":"https:\/\/api.w.org\/{rel}","templated":true}]}}