{"id":37032,"date":"2025-06-21T07:20:00","date_gmt":"2025-06-21T12:20:00","guid":{"rendered":"https:\/\/www.unica.edu.pe\/noticias\/?p=37032"},"modified":"2025-06-24T08:04:53","modified_gmt":"2025-06-24T13:04:53","slug":"saludo-institucional-a-la-facultad-de-farmacia-y-bioquimica-por-sus-62o-aniversario","status":"publish","type":"post","link":"https:\/\/www.unica.edu.pe\/noticias\/2025\/06\/21\/saludo-institucional-a-la-facultad-de-farmacia-y-bioquimica-por-sus-62o-aniversario\/","title":{"rendered":"SALUDO INSTITUCIONAL A LA FACULTAD DE FARMACIA Y BIOQUIMICA POR SUS 62\u00ba ANIVERSARIO"},"content":{"rendered":"\n<p><a href=\"https:\/\/www.facebook.com\/hashtag\/saludosinstitucionales2025?__eep__=6&amp;__cft__[0]=AZWSRNgfu558cjDAhOVenr-s34b7hYeVn7OhjUyNouPMGzTIYY1t0yvMHdMDBMvUi0_4fNApUtCGS0lvBBto8h2Cuuo3Fkd-016oXaqwu9KnZNj6G6Z2ghdbFjuEArfHpQ_Ub4BYIJVMN4IJ2YycaQWZR3q0TIEo3y_Ayi66LBxksIzTjxcTHJVYUB5ssyCvh30&amp;__tn__=*NK-R\">#SaludosInstitucionales2025<\/a> | Saludo Institucional por el 62.\u00ba Aniversario de la Facultad de Farmacia y Bioqu\u00edmica <img loading=\"lazy\" decoding=\"async\" height=\"16\" width=\"16\" alt=\"\ud83c\udf93\" src=\"https:\/\/static.xx.fbcdn.net\/images\/emoji.php\/v9\/t25\/1\/16\/1f393.png\"><\/p>\n\n\n\n<p>El <a><\/a>rector de la Universidad Nacional San Luis Gonzaga, Dr. Dante Ferm\u00edn Calder\u00f3n Huamani, expresa su m\u00e1s afectuoso y respetuoso saludo al decano Dr. Felipe Artemio Surco Laos, as\u00ed como a los integrantes del consejo de facultad, docentes, personal administrativo, no docente y estudiantes de la:<\/p>\n\n\n\n<p>Facultad de Farmacia y Bioqu\u00edmica<\/p>\n\n\n\n<p>Al conmemorarse el 62.\u00ba aniversario de creaci\u00f3n institucional de esta prestigiosa facultad, n esta fecha especial, reconocemos su valiosa trayectoria acad\u00e9mica, su compromiso con la formaci\u00f3n profesional de calidad y su importante contribuci\u00f3n al desarrollo de la ciencia y la salud en nuestra regi\u00f3n y el pa\u00eds.<\/p>\n\n\n\n<p>\u00a1Feliz aniversario! <img loading=\"lazy\" decoding=\"async\" height=\"16\" width=\"16\" alt=\"\ud83e\uddea\" src=\"https:\/\/static.xx.fbcdn.net\/images\/emoji.php\/v9\/t2d\/1\/16\/1f9ea.png\"><img loading=\"lazy\" decoding=\"async\" height=\"16\" width=\"16\" alt=\"\ud83c\udf93\" src=\"https:\/\/static.xx.fbcdn.net\/images\/emoji.php\/v9\/t25\/1\/16\/1f393.png\"><\/p>\n\n\n\n<p><a href=\"https:\/\/www.facebook.com\/hashtag\/62aniversario?__eep__=6&amp;__cft__[0]=AZWSRNgfu558cjDAhOVenr-s34b7hYeVn7OhjUyNouPMGzTIYY1t0yvMHdMDBMvUi0_4fNApUtCGS0lvBBto8h2Cuuo3Fkd-016oXaqwu9KnZNj6G6Z2ghdbFjuEArfHpQ_Ub4BYIJVMN4IJ2YycaQWZR3q0TIEo3y_Ayi66LBxksIzTjxcTHJVYUB5ssyCvh30&amp;__tn__=*NK-R\">#62Aniversario<\/a><\/p>\n\n\n\n<p><a href=\"https:\/\/www.facebook.com\/hashtag\/farmaciaybioqu%C3%ADmicaunslg?__eep__=6&amp;__cft__[0]=AZWSRNgfu558cjDAhOVenr-s34b7hYeVn7OhjUyNouPMGzTIYY1t0yvMHdMDBMvUi0_4fNApUtCGS0lvBBto8h2Cuuo3Fkd-016oXaqwu9KnZNj6G6Z2ghdbFjuEArfHpQ_Ub4BYIJVMN4IJ2YycaQWZR3q0TIEo3y_Ayi66LBxksIzTjxcTHJVYUB5ssyCvh30&amp;__tn__=*NK-R\">#FarmaciaYBioqu\u00edmicaUNSLG<\/a><\/p>\n\n\n\n<figure class=\"wp-block-image size-full\"><img loading=\"lazy\" decoding=\"async\" width=\"526\" height=\"526\" src=\"https:\/\/www.unica.edu.pe\/noticias\/wp-content\/uploads\/2025\/06\/image-207.png\" alt=\"\" class=\"wp-image-37033\" srcset=\"https:\/\/www.unica.edu.pe\/noticias\/wp-content\/uploads\/2025\/06\/image-207.png 526w, https:\/\/www.unica.edu.pe\/noticias\/wp-content\/uploads\/2025\/06\/image-207-300x300.png 300w, https:\/\/www.unica.edu.pe\/noticias\/wp-content\/uploads\/2025\/06\/image-207-150x150.png 150w, https:\/\/www.unica.edu.pe\/noticias\/wp-content\/uploads\/2025\/06\/image-207-100x100.png 100w\" sizes=\"auto, (max-width: 526px) 100vw, 526px\" \/><\/figure>\n","protected":false},"excerpt":{"rendered":"<p>#SaludosInstitucionales2025 | Saludo Institucional por el 62.\u00ba Aniversario de la Facultad de Farmacia y Bioqu\u00edmica El rector de la Universidad Nacional San Luis Gonzaga, Dr. Dante Ferm\u00edn Calder\u00f3n Huamani, expresa su m\u00e1s afectuoso y respetuoso saludo al decano Dr. Felipe Artemio Surco Laos, as\u00ed como a los integrantes del consejo de facultad, docentes, personal administrativo, &hellip; <\/p>\n<p class=\"link-more\"><a href=\"https:\/\/www.unica.edu.pe\/noticias\/2025\/06\/21\/saludo-institucional-a-la-facultad-de-farmacia-y-bioquimica-por-sus-62o-aniversario\/\" class=\"more-link\">Continuar leyendo<span class=\"screen-reader-text\"> \u00abSALUDO INSTITUCIONAL A LA FACULTAD DE FARMACIA Y BIOQUIMICA POR SUS 62\u00ba ANIVERSARIO\u00bb<\/span><\/a><\/p>\n","protected":false},"author":4,"featured_media":0,"comment_status":"closed","ping_status":"open","sticky":false,"template":"","format":"standard","meta":{"footnotes":""},"categories":[13],"tags":[],"class_list":["post-37032","post","type-post","status-publish","format-standard","hentry","category-saludos-institucionales"],"_links":{"self":[{"href":"https:\/\/www.unica.edu.pe\/noticias\/wp-json\/wp\/v2\/posts\/37032","targetHints":{"allow":["GET"]}}],"collection":[{"href":"https:\/\/www.unica.edu.pe\/noticias\/wp-json\/wp\/v2\/posts"}],"about":[{"href":"https:\/\/www.unica.edu.pe\/noticias\/wp-json\/wp\/v2\/types\/post"}],"author":[{"embeddable":true,"href":"https:\/\/www.unica.edu.pe\/noticias\/wp-json\/wp\/v2\/users\/4"}],"replies":[{"embeddable":true,"href":"https:\/\/www.unica.edu.pe\/noticias\/wp-json\/wp\/v2\/comments?post=37032"}],"version-history":[{"count":1,"href":"https:\/\/www.unica.edu.pe\/noticias\/wp-json\/wp\/v2\/posts\/37032\/revisions"}],"predecessor-version":[{"id":37034,"href":"https:\/\/www.unica.edu.pe\/noticias\/wp-json\/wp\/v2\/posts\/37032\/revisions\/37034"}],"wp:attachment":[{"href":"https:\/\/www.unica.edu.pe\/noticias\/wp-json\/wp\/v2\/media?parent=37032"}],"wp:term":[{"taxonomy":"category","embeddable":true,"href":"https:\/\/www.unica.edu.pe\/noticias\/wp-json\/wp\/v2\/categories?post=37032"},{"taxonomy":"post_tag","embeddable":true,"href":"https:\/\/www.unica.edu.pe\/noticias\/wp-json\/wp\/v2\/tags?post=37032"}],"curies":[{"name":"wp","href":"https:\/\/api.w.org\/{rel}","templated":true}]}}