{"id":37020,"date":"2025-06-20T11:40:00","date_gmt":"2025-06-20T16:40:00","guid":{"rendered":"https:\/\/www.unica.edu.pe\/noticias\/?p=37020"},"modified":"2025-06-20T14:58:13","modified_gmt":"2025-06-20T19:58:13","slug":"semilleros-invitan-al-primer-evento-academico","status":"publish","type":"post","link":"https:\/\/www.unica.edu.pe\/noticias\/2025\/06\/20\/semilleros-invitan-al-primer-evento-academico\/","title":{"rendered":"SEMILLEROS INVITAN AL PRIMER EVENTO ACAD\u00c9MICO."},"content":{"rendered":"\n<p><a href=\"https:\/\/www.facebook.com\/hashtag\/semilleros?__eep__=6&amp;__cft__[0]=AZUCMwo8zVGxr3UUJzw45uVKJcctmJ9XLm85nP0Gs-QTAt3y668PSRy-xpPT-bC8DLHMAP4m-9aqKB7vIvesPZTqcScH9DOB60Ct9CU6yKHiiePirfWeaNXSH6WjzrirrwF-iQnX7TPV6Iy1NdLCQespn7Zy4nRcCEboyBgSf4GZbJgkGz2z7mL3Uq4KvFc3ldwE6dzySDFNdUQmzF7ZzhlJo0mHCs6FXG4SbLpV-bif-g&amp;__tn__=*NK-R\">#Semilleros<\/a> | El semillero de investigaci\u00f3n: \u00abEducaci\u00f3n e Innovaci\u00f3n\u00bb del Programa Acad\u00e9mico de Lengua y Literatura de la Facultad de Ciencias de la Educaci\u00f3n y <a><\/a>Humanidades, tienen el agrado de invitarlos al primer evento acad\u00e9mico: \u00abValdelomar en el coraz\u00f3n: Un homenaje a la inspiraci\u00f3n\u00bb. En honor a Abraham Valdelomar Pinto.<\/p>\n\n\n\n<p>A los interesados en participar se les invita a inscribirse a trav\u00e9s del siguiente enlace; a fin de que tenga derecho a su certificado. <a href=\"https:\/\/docs.google.com\/forms\/d\/e\/1FAIpQLSdMaF9IPXRs9v5WD2cWPTxzABAAUpS7rzwrhQ4na98CaV2UHw\/viewform?usp=header&amp;fbclid=IwZXh0bgNhZW0CMTAAYnJpZBExUEZGNWxvUnMyaUZZUXFoNQEexXDamGUjXE8Y5teaHYiv38i1U9nzfSmpku5_DQBxJsflnG0siqeo3-YshH8_aem_dh0VUVjrt-uiZPhN95WvzA\" rel=\"noreferrer noopener\" target=\"_blank\">https:\/\/docs.google.com\/&#8230;\/1FAIpQLSdMaF9IPXR&#8230;\/viewform&#8230;<\/a><\/p>\n\n\n\n<figure class=\"wp-block-image size-full\"><img loading=\"lazy\" decoding=\"async\" width=\"509\" height=\"720\" src=\"https:\/\/www.unica.edu.pe\/noticias\/wp-content\/uploads\/2025\/06\/image-203.png\" alt=\"\" class=\"wp-image-37021\" srcset=\"https:\/\/www.unica.edu.pe\/noticias\/wp-content\/uploads\/2025\/06\/image-203.png 509w, https:\/\/www.unica.edu.pe\/noticias\/wp-content\/uploads\/2025\/06\/image-203-212x300.png 212w\" sizes=\"auto, (max-width: 509px) 100vw, 509px\" \/><\/figure>\n","protected":false},"excerpt":{"rendered":"<p>#Semilleros | El semillero de investigaci\u00f3n: \u00abEducaci\u00f3n e Innovaci\u00f3n\u00bb del Programa Acad\u00e9mico de Lengua y Literatura de la Facultad de Ciencias de la Educaci\u00f3n y Humanidades, tienen el agrado de invitarlos al primer evento acad\u00e9mico: \u00abValdelomar en el coraz\u00f3n: Un homenaje a la inspiraci\u00f3n\u00bb. En honor a Abraham Valdelomar Pinto. A los interesados en participar &hellip; <\/p>\n<p class=\"link-more\"><a href=\"https:\/\/www.unica.edu.pe\/noticias\/2025\/06\/20\/semilleros-invitan-al-primer-evento-academico\/\" class=\"more-link\">Continuar leyendo<span class=\"screen-reader-text\"> \u00abSEMILLEROS INVITAN AL PRIMER EVENTO ACAD\u00c9MICO.\u00bb<\/span><\/a><\/p>\n","protected":false},"author":4,"featured_media":0,"comment_status":"closed","ping_status":"open","sticky":false,"template":"","format":"standard","meta":{"footnotes":""},"categories":[7],"tags":[],"class_list":["post-37020","post","type-post","status-publish","format-standard","hentry","category-noticias"],"_links":{"self":[{"href":"https:\/\/www.unica.edu.pe\/noticias\/wp-json\/wp\/v2\/posts\/37020","targetHints":{"allow":["GET"]}}],"collection":[{"href":"https:\/\/www.unica.edu.pe\/noticias\/wp-json\/wp\/v2\/posts"}],"about":[{"href":"https:\/\/www.unica.edu.pe\/noticias\/wp-json\/wp\/v2\/types\/post"}],"author":[{"embeddable":true,"href":"https:\/\/www.unica.edu.pe\/noticias\/wp-json\/wp\/v2\/users\/4"}],"replies":[{"embeddable":true,"href":"https:\/\/www.unica.edu.pe\/noticias\/wp-json\/wp\/v2\/comments?post=37020"}],"version-history":[{"count":1,"href":"https:\/\/www.unica.edu.pe\/noticias\/wp-json\/wp\/v2\/posts\/37020\/revisions"}],"predecessor-version":[{"id":37022,"href":"https:\/\/www.unica.edu.pe\/noticias\/wp-json\/wp\/v2\/posts\/37020\/revisions\/37022"}],"wp:attachment":[{"href":"https:\/\/www.unica.edu.pe\/noticias\/wp-json\/wp\/v2\/media?parent=37020"}],"wp:term":[{"taxonomy":"category","embeddable":true,"href":"https:\/\/www.unica.edu.pe\/noticias\/wp-json\/wp\/v2\/categories?post=37020"},{"taxonomy":"post_tag","embeddable":true,"href":"https:\/\/www.unica.edu.pe\/noticias\/wp-json\/wp\/v2\/tags?post=37020"}],"curies":[{"name":"wp","href":"https:\/\/api.w.org\/{rel}","templated":true}]}}