{"id":36833,"date":"2025-06-12T18:00:00","date_gmt":"2025-06-12T23:00:00","guid":{"rendered":"https:\/\/www.unica.edu.pe\/noticias\/?p=36833"},"modified":"2025-06-13T08:23:04","modified_gmt":"2025-06-13T13:23:04","slug":"la-asociacion-de-universidades-del-peru-destaca-a-traves-de-su-fan-pague-la-inauguracion-de-modernos-ambientes-de-la-facultad-de-psicologia","status":"publish","type":"post","link":"https:\/\/www.unica.edu.pe\/noticias\/2025\/06\/12\/la-asociacion-de-universidades-del-peru-destaca-a-traves-de-su-fan-pague-la-inauguracion-de-modernos-ambientes-de-la-facultad-de-psicologia\/","title":{"rendered":"La Asociaci\u00f3n de Universidades del Per\u00fa destaca a trav\u00e9s de su Fan pague la INAUGURACI\u00d3N DE MODERNOS AMBIENTES DE LA FACULTAD DE PSICOLOG\u00cdA."},"content":{"rendered":"\n<p><img loading=\"lazy\" decoding=\"async\" height=\"16\" width=\"16\" alt=\"\ud83d\udd35\" src=\"https:\/\/static.xx.fbcdn.net\/images\/emoji.php\/v9\/tef\/1\/16\/1f535.png\"><a href=\"https:\/\/www.facebook.com\/hashtag\/noticias?__eep__=6&amp;__cft__[0]=AZWbfxVs4gS2TT-iqGtuu3WTWisp42zec1Mj8qYyNWmEfcWYFIWsCDqfFwJhYAYvGZ9UsIauHzf4zmJPltTtqhqNCMd7rnF4---wZEeq77OqP9Msit3xTypK-pVJYGoAHb98LXMiFbdhmY5V2CduT_DM5oM35JEz6rafFL4auC5Ui3P59PCvQ1hAJtxCvGbovxHUjzglyVKv5_R3Ciy-kYi5Zv_Zg5R_H6WK2_2J5jtgDg&amp;__tn__=*NK-y-R\">#Noticias<\/a><\/p>\n\n\n\n<p>INAUGURAN MODERNA FACULTAD DE PSICOLOG\u00cdA EN LA UNIVERSIDAD NACIONAL SAN LUIS GONZAGA <img loading=\"lazy\" decoding=\"async\" height=\"16\" width=\"16\" alt=\"\ud83d\udc48\" src=\"https:\/\/static.xx.fbcdn.net\/images\/emoji.php\/v9\/td0\/1\/16\/1f448.png\"><\/p>\n\n\n\n<p><img loading=\"lazy\" decoding=\"async\" height=\"16\" width=\"16\" alt=\"\u2705\" src=\"https:\/\/static.xx.fbcdn.net\/images\/emoji.php\/v9\/t33\/1\/16\/2705.png\">En <a><\/a>un acto significativo para la educaci\u00f3n superior en la regi\u00f3n, el gobernador regional de Ica, Dr. Jorge Hurtado Herrera, junto al rector de la Unica, Dr. Dante Calder\u00f3n Huamani, participaron en la ceremonia de inauguraci\u00f3n de la nueva infraestructura de la Facultad de Psicolog\u00eda de la <a href=\"https:\/\/www.facebook.com\/UnicaSLG?__cft__[0]=AZWbfxVs4gS2TT-iqGtuu3WTWisp42zec1Mj8qYyNWmEfcWYFIWsCDqfFwJhYAYvGZ9UsIauHzf4zmJPltTtqhqNCMd7rnF4---wZEeq77OqP9Msit3xTypK-pVJYGoAHb98LXMiFbdhmY5V2CduT_DM5oM35JEz6rafFL4auC5Ui3P59PCvQ1hAJtxCvGbovxHUjzglyVKv5_R3Ciy-kYi5Zv_Zg5R_H6WK2_2J5jtgDg&amp;__tn__=-]K-y-R\">Universidad Nacional \u00abSan Luis Gonzaga\u00bb<\/a> (UNICA).<\/p>\n\n\n\n<p><img loading=\"lazy\" decoding=\"async\" height=\"16\" width=\"16\" alt=\"\ud83c\udf10\" src=\"https:\/\/static.xx.fbcdn.net\/images\/emoji.php\/v9\/taa\/1\/16\/1f310.png\"> Mayor informaci\u00f3n: <a href=\"https:\/\/asup.edu.pe\/2025\/06\/12\/inauguran-moderna-facultad-de-psicologia-en-la-universidad-nacional-san-luis-gonzaga\/?fbclid=IwZXh0bgNhZW0CMTAAYnJpZBExUEJqeVZYdE5uQnVOb09KRgEef-Yje3G5GORpjQC1xfp8DxshJz9zfGe2PaDMf-ciiiXpK9GjOFwQO0Oukzk_aem_j1SM2XbjTKJHx37pAYOXEA\" rel=\"noreferrer noopener\" target=\"_blank\">https:\/\/asup.edu.pe\/&#8230;\/inauguran-moderna-facultad-de&#8230;\/<\/a><\/p>\n\n\n\n<figure class=\"wp-block-image size-full\"><img loading=\"lazy\" decoding=\"async\" width=\"526\" height=\"526\" src=\"https:\/\/www.unica.edu.pe\/noticias\/wp-content\/uploads\/2025\/06\/image-142.png\" alt=\"\" class=\"wp-image-36834\" srcset=\"https:\/\/www.unica.edu.pe\/noticias\/wp-content\/uploads\/2025\/06\/image-142.png 526w, https:\/\/www.unica.edu.pe\/noticias\/wp-content\/uploads\/2025\/06\/image-142-300x300.png 300w, https:\/\/www.unica.edu.pe\/noticias\/wp-content\/uploads\/2025\/06\/image-142-150x150.png 150w, https:\/\/www.unica.edu.pe\/noticias\/wp-content\/uploads\/2025\/06\/image-142-100x100.png 100w\" sizes=\"auto, (max-width: 526px) 100vw, 526px\" \/><\/figure>\n","protected":false},"excerpt":{"rendered":"<p>#Noticias INAUGURAN MODERNA FACULTAD DE PSICOLOG\u00cdA EN LA UNIVERSIDAD NACIONAL SAN LUIS GONZAGA En un acto significativo para la educaci\u00f3n superior en la regi\u00f3n, el gobernador regional de Ica, Dr. Jorge Hurtado Herrera, junto al rector de la Unica, Dr. Dante Calder\u00f3n Huamani, participaron en la ceremonia de inauguraci\u00f3n de la nueva infraestructura de la &hellip; <\/p>\n<p class=\"link-more\"><a href=\"https:\/\/www.unica.edu.pe\/noticias\/2025\/06\/12\/la-asociacion-de-universidades-del-peru-destaca-a-traves-de-su-fan-pague-la-inauguracion-de-modernos-ambientes-de-la-facultad-de-psicologia\/\" class=\"more-link\">Continuar leyendo<span class=\"screen-reader-text\"> \u00abLa Asociaci\u00f3n de Universidades del Per\u00fa destaca a trav\u00e9s de su Fan pague la INAUGURACI\u00d3N DE MODERNOS AMBIENTES DE LA FACULTAD DE PSICOLOG\u00cdA.\u00bb<\/span><\/a><\/p>\n","protected":false},"author":4,"featured_media":0,"comment_status":"closed","ping_status":"open","sticky":false,"template":"","format":"standard","meta":{"footnotes":""},"categories":[7],"tags":[],"class_list":["post-36833","post","type-post","status-publish","format-standard","hentry","category-noticias"],"_links":{"self":[{"href":"https:\/\/www.unica.edu.pe\/noticias\/wp-json\/wp\/v2\/posts\/36833","targetHints":{"allow":["GET"]}}],"collection":[{"href":"https:\/\/www.unica.edu.pe\/noticias\/wp-json\/wp\/v2\/posts"}],"about":[{"href":"https:\/\/www.unica.edu.pe\/noticias\/wp-json\/wp\/v2\/types\/post"}],"author":[{"embeddable":true,"href":"https:\/\/www.unica.edu.pe\/noticias\/wp-json\/wp\/v2\/users\/4"}],"replies":[{"embeddable":true,"href":"https:\/\/www.unica.edu.pe\/noticias\/wp-json\/wp\/v2\/comments?post=36833"}],"version-history":[{"count":1,"href":"https:\/\/www.unica.edu.pe\/noticias\/wp-json\/wp\/v2\/posts\/36833\/revisions"}],"predecessor-version":[{"id":36835,"href":"https:\/\/www.unica.edu.pe\/noticias\/wp-json\/wp\/v2\/posts\/36833\/revisions\/36835"}],"wp:attachment":[{"href":"https:\/\/www.unica.edu.pe\/noticias\/wp-json\/wp\/v2\/media?parent=36833"}],"wp:term":[{"taxonomy":"category","embeddable":true,"href":"https:\/\/www.unica.edu.pe\/noticias\/wp-json\/wp\/v2\/categories?post=36833"},{"taxonomy":"post_tag","embeddable":true,"href":"https:\/\/www.unica.edu.pe\/noticias\/wp-json\/wp\/v2\/tags?post=36833"}],"curies":[{"name":"wp","href":"https:\/\/api.w.org\/{rel}","templated":true}]}}