{"id":36830,"date":"2025-06-12T16:43:00","date_gmt":"2025-06-12T21:43:00","guid":{"rendered":"https:\/\/www.unica.edu.pe\/noticias\/?p=36830"},"modified":"2025-06-13T08:22:15","modified_gmt":"2025-06-13T13:22:15","slug":"imagenes-gobernador-regional-de-ica-es-padrino-en-inauguracion-de-modernos-ambientes-de-la-facultad-de-psicologia","status":"publish","type":"post","link":"https:\/\/www.unica.edu.pe\/noticias\/2025\/06\/12\/imagenes-gobernador-regional-de-ica-es-padrino-en-inauguracion-de-modernos-ambientes-de-la-facultad-de-psicologia\/","title":{"rendered":"IM\u00c1GENES | GOBERNADOR REGIONAL DE ICA ES PADRINO EN INAUGURACI\u00d3N DE MODERNOS AMBIENTES DE LA FACULTAD DE PSICOLOG\u00cdA"},"content":{"rendered":"\n<p><a href=\"https:\/\/www.facebook.com\/hashtag\/inauguraci%C3%B3n?__eep__=6&amp;__cft__[0]=AZU2QkXohGtsTKKh74sw_Zfw880HqfxOUcqcs38iacrFAh5RkL2-4c4EA8HspbFkVq-1weH-7fuMF581kiHUxdG2btmAz-MTKeue63OLBHUmwOR5GrLHA9Sn_z7e-sti5bOeFyn7Ub7Y_WiCB41ZeQLPOwSOik1AF--KyM1tCU7cmGiAvllpsGsagzkQnpUnQZ0&amp;__tn__=*NK-R\">#Inauguraci\u00f3n<\/a> | GOBERNADOR REGIONAL DE ICA ES PADRINO EN INAUGURACI\u00d3N DE MODERNOS AMBIENTES DE LA FACULTAD DE PSICOLOG\u00cdA<\/p>\n\n\n\n<p><a><\/a>Una obra largamente anhelada por la comunidad universitaria se hizo realidad. La ma\u00f1ana de ayer se llev\u00f3 a cabo la inauguraci\u00f3n oficial de los nuevos ambientes de la Facultad de Psicolog\u00eda de la Universidad Nacional San Luis Gonzaga, en una emotiva ceremonia que cont\u00f3 con la presencia del:<\/p>\n\n\n\n<p>Gobernador Regional de Ica, Abg. Jorge Hurtado Herrera, quien particip\u00f3 como padrino del evento, Rector, Dr. Dante Ferm\u00edn Calder\u00f3n Huaman\u00ed, Vicerrector Acad\u00e9mico, Dr. Jos\u00e9 Ernesto Rojas Campos, Decano de la Facultad de Psicolog\u00eda, Dr. Maximiliano Sevillano D\u00edaz, Madrina, Dra. Antonina Juana Garc\u00eda Espinoza, decana de la Facultad de Ingenier\u00eda Ambiental y Sanitaria.<\/p>\n\n\n\n<p>Tambi\u00e9n asistieron decanos de diversas facultades, docentes, personal administrativo y estudiantes, quienes celebraron este nuevo hito en la historia de nuestra universidad.<\/p>\n\n\n\n<p>Esta moderna infraestructura incluye: C\u00e1mara Gesell, Laboratorio de Neurociencias.<\/p>\n\n\n\n<p>Taller de Aplicaci\u00f3n de Instrumentos Psicol\u00f3gicos, Aulas te\u00f3ricas, Aula de lectura, Sala de profesores, Sala de tutor\u00eda, Sala de c\u00f3mputo, \u00c1rea administrativa, T\u00f3pico, Sala de reuniones, Patio de comidas, M\u00f3dulos de venta, Almac\u00e9n y zona de abastecimiento, \u00c1reas verdes, zonas de descanso al aire libre y estacionamiento<\/p>\n\n\n\n<p>Con esta obra, la UNICA fortalece su compromiso con la formaci\u00f3n profesional de calidad y la investigaci\u00f3n cient\u00edfica en psicolog\u00eda y disciplinas afines.<\/p>\n\n\n\n<p>Durante su intervenci\u00f3n, el Rector Dr. Dante Calder\u00f3n puso a disposici\u00f3n del Ministerio P\u00fablico, el Poder Judicial y otras instituciones la C\u00e1mara Gesell de la facultad, destacando su alto nivel tecnol\u00f3gico y utilidad en procesos de evaluaci\u00f3n especializada.<\/p>\n\n\n\n<figure class=\"wp-block-image size-full\"><img loading=\"lazy\" decoding=\"async\" width=\"715\" height=\"712\" src=\"https:\/\/www.unica.edu.pe\/noticias\/wp-content\/uploads\/2025\/06\/image-141.png\" alt=\"\" class=\"wp-image-36831\" srcset=\"https:\/\/www.unica.edu.pe\/noticias\/wp-content\/uploads\/2025\/06\/image-141.png 715w, https:\/\/www.unica.edu.pe\/noticias\/wp-content\/uploads\/2025\/06\/image-141-300x300.png 300w, https:\/\/www.unica.edu.pe\/noticias\/wp-content\/uploads\/2025\/06\/image-141-150x150.png 150w, https:\/\/www.unica.edu.pe\/noticias\/wp-content\/uploads\/2025\/06\/image-141-100x100.png 100w\" sizes=\"auto, (max-width: 715px) 100vw, 715px\" \/><\/figure>\n","protected":false},"excerpt":{"rendered":"<p>#Inauguraci\u00f3n | GOBERNADOR REGIONAL DE ICA ES PADRINO EN INAUGURACI\u00d3N DE MODERNOS AMBIENTES DE LA FACULTAD DE PSICOLOG\u00cdA Una obra largamente anhelada por la comunidad universitaria se hizo realidad. La ma\u00f1ana de ayer se llev\u00f3 a cabo la inauguraci\u00f3n oficial de los nuevos ambientes de la Facultad de Psicolog\u00eda de la Universidad Nacional San Luis &hellip; <\/p>\n<p class=\"link-more\"><a href=\"https:\/\/www.unica.edu.pe\/noticias\/2025\/06\/12\/imagenes-gobernador-regional-de-ica-es-padrino-en-inauguracion-de-modernos-ambientes-de-la-facultad-de-psicologia\/\" class=\"more-link\">Continuar leyendo<span class=\"screen-reader-text\"> \u00abIM\u00c1GENES | GOBERNADOR REGIONAL DE ICA ES PADRINO EN INAUGURACI\u00d3N DE MODERNOS AMBIENTES DE LA FACULTAD DE PSICOLOG\u00cdA\u00bb<\/span><\/a><\/p>\n","protected":false},"author":4,"featured_media":0,"comment_status":"closed","ping_status":"open","sticky":false,"template":"","format":"standard","meta":{"footnotes":""},"categories":[7],"tags":[],"class_list":["post-36830","post","type-post","status-publish","format-standard","hentry","category-noticias"],"_links":{"self":[{"href":"https:\/\/www.unica.edu.pe\/noticias\/wp-json\/wp\/v2\/posts\/36830","targetHints":{"allow":["GET"]}}],"collection":[{"href":"https:\/\/www.unica.edu.pe\/noticias\/wp-json\/wp\/v2\/posts"}],"about":[{"href":"https:\/\/www.unica.edu.pe\/noticias\/wp-json\/wp\/v2\/types\/post"}],"author":[{"embeddable":true,"href":"https:\/\/www.unica.edu.pe\/noticias\/wp-json\/wp\/v2\/users\/4"}],"replies":[{"embeddable":true,"href":"https:\/\/www.unica.edu.pe\/noticias\/wp-json\/wp\/v2\/comments?post=36830"}],"version-history":[{"count":1,"href":"https:\/\/www.unica.edu.pe\/noticias\/wp-json\/wp\/v2\/posts\/36830\/revisions"}],"predecessor-version":[{"id":36832,"href":"https:\/\/www.unica.edu.pe\/noticias\/wp-json\/wp\/v2\/posts\/36830\/revisions\/36832"}],"wp:attachment":[{"href":"https:\/\/www.unica.edu.pe\/noticias\/wp-json\/wp\/v2\/media?parent=36830"}],"wp:term":[{"taxonomy":"category","embeddable":true,"href":"https:\/\/www.unica.edu.pe\/noticias\/wp-json\/wp\/v2\/categories?post=36830"},{"taxonomy":"post_tag","embeddable":true,"href":"https:\/\/www.unica.edu.pe\/noticias\/wp-json\/wp\/v2\/tags?post=36830"}],"curies":[{"name":"wp","href":"https:\/\/api.w.org\/{rel}","templated":true}]}}