{"id":36827,"date":"2025-06-12T15:26:00","date_gmt":"2025-06-12T20:26:00","guid":{"rendered":"https:\/\/www.unica.edu.pe\/noticias\/?p=36827"},"modified":"2025-06-13T08:21:04","modified_gmt":"2025-06-13T13:21:04","slug":"reunion-del-rector-de-la-unslg-con-representantes-de-la-mancomunidad-municipal-zona-centro-de-huaytara","status":"publish","type":"post","link":"https:\/\/www.unica.edu.pe\/noticias\/2025\/06\/12\/reunion-del-rector-de-la-unslg-con-representantes-de-la-mancomunidad-municipal-zona-centro-de-huaytara\/","title":{"rendered":"REUNI\u00d3N DEL RECTOR DE LA UNSLG CON REPRESENTANTES DE LA MANCOMUNIDAD MUNICIPAL ZONA CENTRO DE HUAYTARA."},"content":{"rendered":"\n<p><a href=\"https:\/\/www.facebook.com\/hashtag\/rectorado?__eep__=6&amp;__cft__[0]=AZVfwRrYJyYjCuuKpKiQsAzCEBd9ZFY78hSYArOJkQMG0qmSPgy3UXJg0I-E9d5dKiHSgBgiMRLDi0njJcSS9gLNRTzg_mdFLPCeTGCnAEFofsSusgeGItlv2FJGAO6nCH200Vt22mgI5p9POla_DyPQhvcdC1ZKQtaqS_6weiNm8kWOGOekO56-tgCkHUnqvus&amp;__tn__=*NK-R\">#Rectorado<\/a> | REUNI\u00d3N DEL RECTOR DE LA UNSLG CON REPRESENTANTES DE LA MANCOMUNIDAD MUNICIPAL ZONA CENTRO DE HUAYTARA<\/p>\n\n\n\n<p>El d\u00eda de hoy jueves 11 de junio En un espacio de <a><\/a>di\u00e1logo institucional, el rector de la Universidad Nacional \u201cSan Luis Gonzaga\u201d, Dr. Dante Calder\u00f3n Huaman\u00ed, sostuvo una importante reuni\u00f3n con representantes de la Mancomunidad Municipal Zona Centro de Huaytar\u00e1, con el objetivo de fortalecer v\u00ednculos interinstitucionales en el marco del desarrollo acad\u00e9mico y territorial.<\/p>\n\n\n\n<p>Participaron en la reuni\u00f3n el Dr. Jos\u00e9 Rojas Campos, vicerrector acad\u00e9mico, el Sr. Elvis Ronal Escobar Mantari, alcalde del distrito de Santo Domingo de Capillas y presidente de la Mancomunidad Municipal Zona Centro de Huaytar\u00e1, as\u00ed como el Sr. V\u00edctor Campos Morales, Gerente General de la mencionada mancomunidad. Este encuentro se realiz\u00f3 en atenci\u00f3n al pedido formulado por los organizadores del VII Congreso Nacional del Agua \u2013 CONA 2025, quienes vienen impulsando espacios de articulaci\u00f3n entre la academia, el Estado y la sociedad civil.<\/p>\n\n\n\n<p>Durante la reuni\u00f3n se abordaron temas trascendentales relacionados con los objetivos del VII CONA 2025, destacando la necesidad de contar con un lugar propicio para futuros encuentros, que permita compartir experiencias, promover el debate t\u00e9cnico-cient\u00edfico y socializar resultados de investigaciones. Adem\u00e1s, se plante\u00f3 la urgencia de debatir y construir estrategias sobre la pol\u00edtica del agua, aplicando enfoques de sistemas, sostenibilidad y gesti\u00f3n integral de recursos h\u00eddricos.<\/p>\n\n\n\n<p>El rector Dante Calder\u00f3n reafirm\u00f3 el compromiso de la universidad con el desarrollo regional y la investigaci\u00f3n aplicada, subrayando la disposici\u00f3n de la UNSLG para ser sede de eventos acad\u00e9micos de alto impacto y contribuir activamente a los desaf\u00edos del pa\u00eds en materia h\u00eddrica.<\/p>\n\n\n\n<figure class=\"wp-block-image size-full\"><img loading=\"lazy\" decoding=\"async\" width=\"713\" height=\"712\" src=\"https:\/\/www.unica.edu.pe\/noticias\/wp-content\/uploads\/2025\/06\/image-140.png\" alt=\"\" class=\"wp-image-36828\" srcset=\"https:\/\/www.unica.edu.pe\/noticias\/wp-content\/uploads\/2025\/06\/image-140.png 713w, https:\/\/www.unica.edu.pe\/noticias\/wp-content\/uploads\/2025\/06\/image-140-300x300.png 300w, https:\/\/www.unica.edu.pe\/noticias\/wp-content\/uploads\/2025\/06\/image-140-150x150.png 150w, https:\/\/www.unica.edu.pe\/noticias\/wp-content\/uploads\/2025\/06\/image-140-100x100.png 100w\" sizes=\"auto, (max-width: 713px) 100vw, 713px\" \/><\/figure>\n","protected":false},"excerpt":{"rendered":"<p>#Rectorado | REUNI\u00d3N DEL RECTOR DE LA UNSLG CON REPRESENTANTES DE LA MANCOMUNIDAD MUNICIPAL ZONA CENTRO DE HUAYTARA El d\u00eda de hoy jueves 11 de junio En un espacio de di\u00e1logo institucional, el rector de la Universidad Nacional \u201cSan Luis Gonzaga\u201d, Dr. Dante Calder\u00f3n Huaman\u00ed, sostuvo una importante reuni\u00f3n con representantes de la Mancomunidad Municipal &hellip; <\/p>\n<p class=\"link-more\"><a href=\"https:\/\/www.unica.edu.pe\/noticias\/2025\/06\/12\/reunion-del-rector-de-la-unslg-con-representantes-de-la-mancomunidad-municipal-zona-centro-de-huaytara\/\" class=\"more-link\">Continuar leyendo<span class=\"screen-reader-text\"> \u00abREUNI\u00d3N DEL RECTOR DE LA UNSLG CON REPRESENTANTES DE LA MANCOMUNIDAD MUNICIPAL ZONA CENTRO DE HUAYTARA.\u00bb<\/span><\/a><\/p>\n","protected":false},"author":4,"featured_media":0,"comment_status":"closed","ping_status":"open","sticky":false,"template":"","format":"standard","meta":{"footnotes":""},"categories":[7],"tags":[],"class_list":["post-36827","post","type-post","status-publish","format-standard","hentry","category-noticias"],"_links":{"self":[{"href":"https:\/\/www.unica.edu.pe\/noticias\/wp-json\/wp\/v2\/posts\/36827","targetHints":{"allow":["GET"]}}],"collection":[{"href":"https:\/\/www.unica.edu.pe\/noticias\/wp-json\/wp\/v2\/posts"}],"about":[{"href":"https:\/\/www.unica.edu.pe\/noticias\/wp-json\/wp\/v2\/types\/post"}],"author":[{"embeddable":true,"href":"https:\/\/www.unica.edu.pe\/noticias\/wp-json\/wp\/v2\/users\/4"}],"replies":[{"embeddable":true,"href":"https:\/\/www.unica.edu.pe\/noticias\/wp-json\/wp\/v2\/comments?post=36827"}],"version-history":[{"count":1,"href":"https:\/\/www.unica.edu.pe\/noticias\/wp-json\/wp\/v2\/posts\/36827\/revisions"}],"predecessor-version":[{"id":36829,"href":"https:\/\/www.unica.edu.pe\/noticias\/wp-json\/wp\/v2\/posts\/36827\/revisions\/36829"}],"wp:attachment":[{"href":"https:\/\/www.unica.edu.pe\/noticias\/wp-json\/wp\/v2\/media?parent=36827"}],"wp:term":[{"taxonomy":"category","embeddable":true,"href":"https:\/\/www.unica.edu.pe\/noticias\/wp-json\/wp\/v2\/categories?post=36827"},{"taxonomy":"post_tag","embeddable":true,"href":"https:\/\/www.unica.edu.pe\/noticias\/wp-json\/wp\/v2\/tags?post=36827"}],"curies":[{"name":"wp","href":"https:\/\/api.w.org\/{rel}","templated":true}]}}