{"id":3661,"date":"2019-09-26T16:05:07","date_gmt":"2019-09-26T16:05:07","guid":{"rendered":"http:\/\/www.unica.edu.pe\/noticias\/?p=3661"},"modified":"2019-09-26T16:05:07","modified_gmt":"2019-09-26T16:05:07","slug":"comunicado-a-los-estudiantes-del-cepu","status":"publish","type":"post","link":"https:\/\/www.unica.edu.pe\/noticias\/2019\/09\/26\/comunicado-a-los-estudiantes-del-cepu\/","title":{"rendered":"Comunicado a los estudiantes del CEPU"},"content":{"rendered":"<p><a class=\"_58cn\" href=\"https:\/\/www.facebook.com\/hashtag\/comunicado?source=feed_text&amp;epa=HASHTAG&amp;__xts__%5B0%5D=68.ARBN_R03qt20nYT9mB4Ihe8tCY4gwZDlJGsDCqVaFPFA6uPtb4ngPxYfy4Woi0tsO71xn7xWiigEcjS33achBxsL_V-ub_6ziim5FCnmT01xF0VLQeeFQ32Zo2lNYLHED3TaWXrotCeaO2SqT_eMABFmfBG1sX9RtALKfnOHqvjw23kNklo1_MzDW57apTm5qjzWbytdLXWorqMyGoqDl6OOAT7Sl8OmDEQ_Abgf4pXIfCkYoLqR_43N8MMvA23wcAo3ge3koyoeE3DCr_UkdWrStN_sGvkT97r6JvotMToUTrx4FNmz6In1gGxoO0hjN8o_G6mJVqsjWEO3d1HRIQ&amp;__tn__=%2ANK-R\" data-ft=\"{&quot;type&quot;:104,&quot;tn&quot;:&quot;*N&quot;}\"><span class=\"_5afx\"><span class=\"_58cl _5afz\" aria-label=\"hashtag\">#<\/span><span class=\"_58cm\">COMUNICADO<\/span><\/span><\/a><br \/>\n<a class=\"_58cn\" href=\"https:\/\/www.facebook.com\/hashtag\/cepu?source=feed_text&amp;epa=HASHTAG&amp;__xts__%5B0%5D=68.ARBN_R03qt20nYT9mB4Ihe8tCY4gwZDlJGsDCqVaFPFA6uPtb4ngPxYfy4Woi0tsO71xn7xWiigEcjS33achBxsL_V-ub_6ziim5FCnmT01xF0VLQeeFQ32Zo2lNYLHED3TaWXrotCeaO2SqT_eMABFmfBG1sX9RtALKfnOHqvjw23kNklo1_MzDW57apTm5qjzWbytdLXWorqMyGoqDl6OOAT7Sl8OmDEQ_Abgf4pXIfCkYoLqR_43N8MMvA23wcAo3ge3koyoeE3DCr_UkdWrStN_sGvkT97r6JvotMToUTrx4FNmz6In1gGxoO0hjN8o_G6mJVqsjWEO3d1HRIQ&amp;__tn__=%2ANK-R\" data-ft=\"{&quot;type&quot;:104,&quot;tn&quot;:&quot;*N&quot;}\"><span class=\"_5afx\"><span class=\"_58cl _5afz\" aria-label=\"hashtag\">#<\/span><span class=\"_58cm\">CEPU<\/span><\/span><\/a><br \/>\nSe comunica a los alumnos del CEPU, que no habr\u00e1 labores acad\u00e9micas el d\u00eda jueves 26 y viernes 27 setiembre, en la sede de Ica, (Local central y ciudad universitaria).<br \/>\nPor motivo de las elecciones universitarias.<\/p>\n","protected":false},"excerpt":{"rendered":"<p>#COMUNICADO #CEPU Se comunica a los alumnos del CEPU, que no habr\u00e1 labores acad\u00e9micas el d\u00eda jueves 26 y viernes 27 setiembre, en la sede de Ica, (Local central y ciudad universitaria). Por motivo de las elecciones universitarias.<\/p>\n","protected":false},"author":1,"featured_media":0,"comment_status":"open","ping_status":"open","sticky":false,"template":"","format":"standard","meta":{"footnotes":""},"categories":[7],"tags":[],"class_list":["post-3661","post","type-post","status-publish","format-standard","hentry","category-noticias"],"_links":{"self":[{"href":"https:\/\/www.unica.edu.pe\/noticias\/wp-json\/wp\/v2\/posts\/3661","targetHints":{"allow":["GET"]}}],"collection":[{"href":"https:\/\/www.unica.edu.pe\/noticias\/wp-json\/wp\/v2\/posts"}],"about":[{"href":"https:\/\/www.unica.edu.pe\/noticias\/wp-json\/wp\/v2\/types\/post"}],"author":[{"embeddable":true,"href":"https:\/\/www.unica.edu.pe\/noticias\/wp-json\/wp\/v2\/users\/1"}],"replies":[{"embeddable":true,"href":"https:\/\/www.unica.edu.pe\/noticias\/wp-json\/wp\/v2\/comments?post=3661"}],"version-history":[{"count":1,"href":"https:\/\/www.unica.edu.pe\/noticias\/wp-json\/wp\/v2\/posts\/3661\/revisions"}],"predecessor-version":[{"id":3662,"href":"https:\/\/www.unica.edu.pe\/noticias\/wp-json\/wp\/v2\/posts\/3661\/revisions\/3662"}],"wp:attachment":[{"href":"https:\/\/www.unica.edu.pe\/noticias\/wp-json\/wp\/v2\/media?parent=3661"}],"wp:term":[{"taxonomy":"category","embeddable":true,"href":"https:\/\/www.unica.edu.pe\/noticias\/wp-json\/wp\/v2\/categories?post=3661"},{"taxonomy":"post_tag","embeddable":true,"href":"https:\/\/www.unica.edu.pe\/noticias\/wp-json\/wp\/v2\/tags?post=3661"}],"curies":[{"name":"wp","href":"https:\/\/api.w.org\/{rel}","templated":true}]}}