{"id":3653,"date":"2019-09-26T16:04:13","date_gmt":"2019-09-26T16:04:13","guid":{"rendered":"http:\/\/www.unica.edu.pe\/noticias\/?p=3653"},"modified":"2019-09-26T16:04:13","modified_gmt":"2019-09-26T16:04:13","slug":"la-facultad-de-ingenieria-mecanica-electrica-y-electronica-realiza-ciclo-de-conferencias","status":"publish","type":"post","link":"https:\/\/www.unica.edu.pe\/noticias\/2019\/09\/26\/la-facultad-de-ingenieria-mecanica-electrica-y-electronica-realiza-ciclo-de-conferencias\/","title":{"rendered":"La Facultad de Ingenier\u00eda Mec\u00e1nica El\u00e9ctrica y Electr\u00f3nica realiza ciclo de conferencias"},"content":{"rendered":"<p><a class=\"_58cn\" href=\"https:\/\/www.facebook.com\/hashtag\/fime?source=feed_text&amp;epa=HASHTAG&amp;__xts__%5B0%5D=68.ARDM8L88KJ-tMYvY3R40res_Cdk47-VRo-NerCagnSb3BRmFtWkCyN6S7KmB-pVLPyv8m8F9y2rjdVJBG6V7fnUiCgLICmo7-Xj4pUr_niglyKcg0wpdBZowlc0OvUEdJezBvBdXcSa8UakNZ6dmAxLqLTA4sHSMuxMCK1n_miC0iy8nHFU3Y68VqYJBuUJAglncohInFmFUeYsL0rjyKAOstFdOXBGLrcTy-IC6jvufwBQB_8oVlVGnIrSy9MWap3OoMu-KUQ3jT7436NSChpEvuhCjznXMPnaxUhHvF8e8yGk4_dO4noyUBrMBurNPF6cJEnMKjK7G3kAitmz1MayzLA&amp;__tn__=%2ANK-R\" data-ft=\"{&quot;type&quot;:104,&quot;tn&quot;:&quot;*N&quot;}\"><span class=\"_5afx\"><span class=\"_58cl _5afz\" aria-label=\"hashtag\">#<\/span><span class=\"_58cm\">FIME<\/span><\/span><\/a><br \/>\n<a class=\"_58cn\" href=\"https:\/\/www.facebook.com\/hashtag\/capacitaci%C3%B3n?source=feed_text&amp;epa=HASHTAG&amp;__xts__%5B0%5D=68.ARDM8L88KJ-tMYvY3R40res_Cdk47-VRo-NerCagnSb3BRmFtWkCyN6S7KmB-pVLPyv8m8F9y2rjdVJBG6V7fnUiCgLICmo7-Xj4pUr_niglyKcg0wpdBZowlc0OvUEdJezBvBdXcSa8UakNZ6dmAxLqLTA4sHSMuxMCK1n_miC0iy8nHFU3Y68VqYJBuUJAglncohInFmFUeYsL0rjyKAOstFdOXBGLrcTy-IC6jvufwBQB_8oVlVGnIrSy9MWap3OoMu-KUQ3jT7436NSChpEvuhCjznXMPnaxUhHvF8e8yGk4_dO4noyUBrMBurNPF6cJEnMKjK7G3kAitmz1MayzLA&amp;__tn__=%2ANK-R\" data-ft=\"{&quot;type&quot;:104,&quot;tn&quot;:&quot;*N&quot;}\"><span class=\"_5afx\"><span class=\"_58cl _5afz\" aria-label=\"hashtag\">#<\/span><span class=\"_58cm\">Capacitaci\u00f3n<\/span><\/span><\/a><br \/>\nLa Facultad de Ingenier\u00eda Mec\u00e1nica El\u00e9ctrica y Electr\u00f3nica a trav\u00e9s de la Direcci\u00f3n de Departamento de Ciencias de la Investigaci\u00f3n de la Ingenier\u00eda a cargo del DR. Fernando Guerrero Salazar viene realizando un ciclo de conferencias sobre desastres naturales que inici\u00f3 hoy y culminar\u00e1 ma\u00f1ana 26 en el Auditorio Ra\u00fal Porras.<\/p>\n<p>Este ciclo de conferencias forma parte del curso de Desastres Naturales y Educaci\u00f3n Ambiental que se viene impartiendo en la facultad.<\/p>\n<p><img loading=\"lazy\" decoding=\"async\" class=\"alignnone size-medium wp-image-3654\" src=\"https:\/\/www.unica.edu.pe\/noticias\/wp-content\/uploads\/2019\/09\/47-4-300x200.jpg\" alt=\"\" width=\"300\" height=\"200\" srcset=\"https:\/\/www.unica.edu.pe\/noticias\/wp-content\/uploads\/2019\/09\/47-4-300x200.jpg 300w, https:\/\/www.unica.edu.pe\/noticias\/wp-content\/uploads\/2019\/09\/47-4-768x512.jpg 768w, https:\/\/www.unica.edu.pe\/noticias\/wp-content\/uploads\/2019\/09\/47-4.jpg 960w\" sizes=\"auto, (max-width: 300px) 100vw, 300px\" \/> <img loading=\"lazy\" decoding=\"async\" class=\"alignnone size-medium wp-image-3655\" src=\"https:\/\/www.unica.edu.pe\/noticias\/wp-content\/uploads\/2019\/09\/48-4-300x200.jpg\" alt=\"\" width=\"300\" height=\"200\" srcset=\"https:\/\/www.unica.edu.pe\/noticias\/wp-content\/uploads\/2019\/09\/48-4-300x200.jpg 300w, https:\/\/www.unica.edu.pe\/noticias\/wp-content\/uploads\/2019\/09\/48-4-768x512.jpg 768w, https:\/\/www.unica.edu.pe\/noticias\/wp-content\/uploads\/2019\/09\/48-4.jpg 960w\" sizes=\"auto, (max-width: 300px) 100vw, 300px\" \/> <img loading=\"lazy\" decoding=\"async\" class=\"alignnone size-medium wp-image-3656\" src=\"https:\/\/www.unica.edu.pe\/noticias\/wp-content\/uploads\/2019\/09\/49-4-300x200.jpg\" alt=\"\" width=\"300\" height=\"200\" srcset=\"https:\/\/www.unica.edu.pe\/noticias\/wp-content\/uploads\/2019\/09\/49-4-300x200.jpg 300w, https:\/\/www.unica.edu.pe\/noticias\/wp-content\/uploads\/2019\/09\/49-4-768x512.jpg 768w, https:\/\/www.unica.edu.pe\/noticias\/wp-content\/uploads\/2019\/09\/49-4.jpg 960w\" sizes=\"auto, (max-width: 300px) 100vw, 300px\" \/> <img loading=\"lazy\" decoding=\"async\" class=\"alignnone size-medium wp-image-3657\" src=\"https:\/\/www.unica.edu.pe\/noticias\/wp-content\/uploads\/2019\/09\/50-4-300x200.jpg\" alt=\"\" width=\"300\" height=\"200\" srcset=\"https:\/\/www.unica.edu.pe\/noticias\/wp-content\/uploads\/2019\/09\/50-4-300x200.jpg 300w, https:\/\/www.unica.edu.pe\/noticias\/wp-content\/uploads\/2019\/09\/50-4-768x512.jpg 768w, https:\/\/www.unica.edu.pe\/noticias\/wp-content\/uploads\/2019\/09\/50-4.jpg 960w\" sizes=\"auto, (max-width: 300px) 100vw, 300px\" \/> <img loading=\"lazy\" decoding=\"async\" class=\"alignnone size-medium wp-image-3658\" src=\"https:\/\/www.unica.edu.pe\/noticias\/wp-content\/uploads\/2019\/09\/51-4-300x200.jpg\" alt=\"\" width=\"300\" height=\"200\" srcset=\"https:\/\/www.unica.edu.pe\/noticias\/wp-content\/uploads\/2019\/09\/51-4-300x200.jpg 300w, https:\/\/www.unica.edu.pe\/noticias\/wp-content\/uploads\/2019\/09\/51-4-768x512.jpg 768w, https:\/\/www.unica.edu.pe\/noticias\/wp-content\/uploads\/2019\/09\/51-4.jpg 960w\" sizes=\"auto, (max-width: 300px) 100vw, 300px\" \/> <img loading=\"lazy\" decoding=\"async\" class=\"alignnone size-medium wp-image-3659\" src=\"https:\/\/www.unica.edu.pe\/noticias\/wp-content\/uploads\/2019\/09\/52-4-300x200.jpg\" alt=\"\" width=\"300\" height=\"200\" srcset=\"https:\/\/www.unica.edu.pe\/noticias\/wp-content\/uploads\/2019\/09\/52-4-300x200.jpg 300w, https:\/\/www.unica.edu.pe\/noticias\/wp-content\/uploads\/2019\/09\/52-4-768x512.jpg 768w, https:\/\/www.unica.edu.pe\/noticias\/wp-content\/uploads\/2019\/09\/52-4.jpg 960w\" sizes=\"auto, (max-width: 300px) 100vw, 300px\" \/><\/p>\n<p>&nbsp;<\/p>\n","protected":false},"excerpt":{"rendered":"<p>#FIME #Capacitaci\u00f3n La Facultad de Ingenier\u00eda Mec\u00e1nica El\u00e9ctrica y Electr\u00f3nica a trav\u00e9s de la Direcci\u00f3n de Departamento de Ciencias de la Investigaci\u00f3n de la Ingenier\u00eda a cargo del DR. Fernando Guerrero Salazar viene realizando un ciclo de conferencias sobre desastres naturales que inici\u00f3 hoy y culminar\u00e1 ma\u00f1ana 26 en el Auditorio Ra\u00fal Porras. Este ciclo &hellip; <\/p>\n<p class=\"link-more\"><a href=\"https:\/\/www.unica.edu.pe\/noticias\/2019\/09\/26\/la-facultad-de-ingenieria-mecanica-electrica-y-electronica-realiza-ciclo-de-conferencias\/\" class=\"more-link\">Continuar leyendo<span class=\"screen-reader-text\"> \u00abLa Facultad de Ingenier\u00eda Mec\u00e1nica El\u00e9ctrica y Electr\u00f3nica realiza ciclo de conferencias\u00bb<\/span><\/a><\/p>\n","protected":false},"author":1,"featured_media":0,"comment_status":"open","ping_status":"open","sticky":false,"template":"","format":"standard","meta":{"footnotes":""},"categories":[7],"tags":[],"class_list":["post-3653","post","type-post","status-publish","format-standard","hentry","category-noticias"],"_links":{"self":[{"href":"https:\/\/www.unica.edu.pe\/noticias\/wp-json\/wp\/v2\/posts\/3653","targetHints":{"allow":["GET"]}}],"collection":[{"href":"https:\/\/www.unica.edu.pe\/noticias\/wp-json\/wp\/v2\/posts"}],"about":[{"href":"https:\/\/www.unica.edu.pe\/noticias\/wp-json\/wp\/v2\/types\/post"}],"author":[{"embeddable":true,"href":"https:\/\/www.unica.edu.pe\/noticias\/wp-json\/wp\/v2\/users\/1"}],"replies":[{"embeddable":true,"href":"https:\/\/www.unica.edu.pe\/noticias\/wp-json\/wp\/v2\/comments?post=3653"}],"version-history":[{"count":1,"href":"https:\/\/www.unica.edu.pe\/noticias\/wp-json\/wp\/v2\/posts\/3653\/revisions"}],"predecessor-version":[{"id":3660,"href":"https:\/\/www.unica.edu.pe\/noticias\/wp-json\/wp\/v2\/posts\/3653\/revisions\/3660"}],"wp:attachment":[{"href":"https:\/\/www.unica.edu.pe\/noticias\/wp-json\/wp\/v2\/media?parent=3653"}],"wp:term":[{"taxonomy":"category","embeddable":true,"href":"https:\/\/www.unica.edu.pe\/noticias\/wp-json\/wp\/v2\/categories?post=3653"},{"taxonomy":"post_tag","embeddable":true,"href":"https:\/\/www.unica.edu.pe\/noticias\/wp-json\/wp\/v2\/tags?post=3653"}],"curies":[{"name":"wp","href":"https:\/\/api.w.org\/{rel}","templated":true}]}}