{"id":3624,"date":"2019-09-25T15:42:49","date_gmt":"2019-09-25T15:42:49","guid":{"rendered":"http:\/\/www.unica.edu.pe\/noticias\/?p=3624"},"modified":"2019-09-26T15:46:38","modified_gmt":"2019-09-26T15:46:38","slug":"video-facultad-de-ciencias-de-la-educacion-y-humanidades-celebro-lviii-aniversario-de-funcionamiento","status":"publish","type":"post","link":"https:\/\/www.unica.edu.pe\/noticias\/2019\/09\/25\/video-facultad-de-ciencias-de-la-educacion-y-humanidades-celebro-lviii-aniversario-de-funcionamiento\/","title":{"rendered":"VIDEO: FACULTAD DE CIENCIAS DE LA EDUCACI\u00d3N Y HUMANIDADES CELEBR\u00d3 LVIII ANIVERSARIO DE FUNCIONAMIENTO"},"content":{"rendered":"<p><a class=\"_58cn\" href=\"https:\/\/www.facebook.com\/hashtag\/educaci%C3%B3n?source=feed_text&amp;epa=HASHTAG&amp;__xts__%5B0%5D=68.ARDxs15S58hH6S6SOLR1SKJlbmIBMDd65MmHWcv4NYvjiyeMRCQeNvr5vYaeaxefw_wHQvB2tSc8co6O-JGfEC_xLtr9pdKb3iCLE_QqB5UMlFhZN5502YlFS_Yis7o5JHBKEn-L-Miuwd9Ji0MBZAVrOUoMGeJ6pVDd47HDPp_EgP_eULOgCumL0oD7G4J-WyunnHIa-mZ5UBOvZTEgwPDI6o3pfcsbt4b6_xWF4PEv0yss_UqYMa_xlm8FKt94s2KXCGuYACYHhO1FRHne9kFtsJprdBTfaLq6bw-LoE4aXGnbogR78AtBzZpoOPrUnW03ou7DJEI4up172lvrJFmp6Qi4ONSAcZbgqA&amp;__tn__=%2ANK-R\" data-ft=\"{&quot;type&quot;:104,&quot;tn&quot;:&quot;*N&quot;}\"><span class=\"_5afx\"><span class=\"_58cl _5afz\" aria-label=\"hashtag\">#<\/span><span class=\"_58cm\">EDUCACI\u00d3N<\/span><\/span><\/a><br \/>\nFACULTAD DE CIENCIAS DE LA EDUCACI\u00d3N Y HUMANIDADES CELEBR\u00d3 LVIII ANIVERSARIO DE FUNCIONAMIENTO<br \/>\nCon el firme compromiso de lograr el licenciamiento, la facultad de Ciencias de la Educaci\u00f3n y Humanidades realiz\u00f3 diversas actividades acad\u00e9micas, culturales y deportivas con motivo de celebrar sus LVIII aniversario de funcionamiento.<br \/>\nLa ceremonia central fue propicia para que estudiantes luzcan su talento en poes\u00eda y baile, y para premiar a los ganadores\u00a0<span class=\"text_exposed_show\">de las actividades deportivas tanto en v\u00f3ley y fulbito donde participaron hombres y mujeres.<\/span><\/p>\n<div class=\"text_exposed_show\">\n<p>El decano de la facultad, Dr. Pelayo Huaman\u00ed Atocsa, dijo que la prioridad es el licenciamiento y que en las elecciones universitarias, se debe votar por la continuidad del licenciamiento.<\/p>\n<\/div>\n<p><img loading=\"lazy\" decoding=\"async\" class=\"alignnone size-medium wp-image-3625\" src=\"https:\/\/www.unica.edu.pe\/noticias\/wp-content\/uploads\/2019\/09\/Screenshot_184-300x167.jpg\" alt=\"\" width=\"300\" height=\"167\" srcset=\"https:\/\/www.unica.edu.pe\/noticias\/wp-content\/uploads\/2019\/09\/Screenshot_184-300x167.jpg 300w, https:\/\/www.unica.edu.pe\/noticias\/wp-content\/uploads\/2019\/09\/Screenshot_184.jpg 559w\" sizes=\"auto, (max-width: 300px) 100vw, 300px\" \/><\/p>\n<p>VER VIDEO AQUI:<\/p>\n<p><iframe loading=\"lazy\" style=\"border: none; overflow: hidden;\" src=\"https:\/\/www.facebook.com\/plugins\/video.php?href=https%3A%2F%2Fwww.facebook.com%2FUnicaSLG%2Fvideos%2F570967476774209%2F&amp;show_text=0&amp;width=560\" width=\"560\" height=\"315\" frameborder=\"0\" scrolling=\"no\" allowfullscreen=\"allowfullscreen\"><\/iframe><\/p>\n","protected":false},"excerpt":{"rendered":"<p>#EDUCACI\u00d3N FACULTAD DE CIENCIAS DE LA EDUCACI\u00d3N Y HUMANIDADES CELEBR\u00d3 LVIII ANIVERSARIO DE FUNCIONAMIENTO Con el firme compromiso de lograr el licenciamiento, la facultad de Ciencias de la Educaci\u00f3n y Humanidades realiz\u00f3 diversas actividades acad\u00e9micas, culturales y deportivas con motivo de celebrar sus LVIII aniversario de funcionamiento. La ceremonia central fue propicia para que estudiantes &hellip; <\/p>\n<p class=\"link-more\"><a href=\"https:\/\/www.unica.edu.pe\/noticias\/2019\/09\/25\/video-facultad-de-ciencias-de-la-educacion-y-humanidades-celebro-lviii-aniversario-de-funcionamiento\/\" class=\"more-link\">Continuar leyendo<span class=\"screen-reader-text\"> \u00abVIDEO: FACULTAD DE CIENCIAS DE LA EDUCACI\u00d3N Y HUMANIDADES CELEBR\u00d3 LVIII ANIVERSARIO DE FUNCIONAMIENTO\u00bb<\/span><\/a><\/p>\n","protected":false},"author":1,"featured_media":0,"comment_status":"open","ping_status":"open","sticky":false,"template":"","format":"standard","meta":{"footnotes":""},"categories":[7],"tags":[],"class_list":["post-3624","post","type-post","status-publish","format-standard","hentry","category-noticias"],"_links":{"self":[{"href":"https:\/\/www.unica.edu.pe\/noticias\/wp-json\/wp\/v2\/posts\/3624","targetHints":{"allow":["GET"]}}],"collection":[{"href":"https:\/\/www.unica.edu.pe\/noticias\/wp-json\/wp\/v2\/posts"}],"about":[{"href":"https:\/\/www.unica.edu.pe\/noticias\/wp-json\/wp\/v2\/types\/post"}],"author":[{"embeddable":true,"href":"https:\/\/www.unica.edu.pe\/noticias\/wp-json\/wp\/v2\/users\/1"}],"replies":[{"embeddable":true,"href":"https:\/\/www.unica.edu.pe\/noticias\/wp-json\/wp\/v2\/comments?post=3624"}],"version-history":[{"count":1,"href":"https:\/\/www.unica.edu.pe\/noticias\/wp-json\/wp\/v2\/posts\/3624\/revisions"}],"predecessor-version":[{"id":3626,"href":"https:\/\/www.unica.edu.pe\/noticias\/wp-json\/wp\/v2\/posts\/3624\/revisions\/3626"}],"wp:attachment":[{"href":"https:\/\/www.unica.edu.pe\/noticias\/wp-json\/wp\/v2\/media?parent=3624"}],"wp:term":[{"taxonomy":"category","embeddable":true,"href":"https:\/\/www.unica.edu.pe\/noticias\/wp-json\/wp\/v2\/categories?post=3624"},{"taxonomy":"post_tag","embeddable":true,"href":"https:\/\/www.unica.edu.pe\/noticias\/wp-json\/wp\/v2\/tags?post=3624"}],"curies":[{"name":"wp","href":"https:\/\/api.w.org\/{rel}","templated":true}]}}