{"id":3580,"date":"2019-09-24T14:06:47","date_gmt":"2019-09-24T14:06:47","guid":{"rendered":"http:\/\/www.unica.edu.pe\/noticias\/?p=3580"},"modified":"2019-09-26T14:08:28","modified_gmt":"2019-09-26T14:08:28","slug":"comunicado-n-2-comite-electoral-universitario","status":"publish","type":"post","link":"https:\/\/www.unica.edu.pe\/noticias\/2019\/09\/24\/comunicado-n-2-comite-electoral-universitario\/","title":{"rendered":"Comunicado N\u00b0 2 Comit\u00e9 Electoral Universitario"},"content":{"rendered":"<p><a class=\"_58cn\" href=\"https:\/\/www.facebook.com\/hashtag\/unslg?source=feed_text&amp;epa=HASHTAG&amp;__xts__%5B0%5D=68.ARAWrROxnYHOfkU1JuXX4vKzjN4zphisht-2OQnzeYfviGjHLpNPKP-5clSrMDYqaMBcsJP2BDM0AhbF8eq4MWl0QNKE8aRwibuj09zLfJuT3scvvMwM7O9FeUiUAeaGBeNRVcIm4QSa-FLgfo-ThiaxoxOhPnnd8VdiPmG03OGu1l4hrksvlFKUwJedbXEA15pR1qyn3yrRHM9ui4WgkP4WtRJ8C882c_vpRCnAEH5j1gj-KImRG7IKEIvysY91jmB1_XU_vyhfznVSyErEhXRjrCvCg5o4F7L5GRzZRWdFJRVXWD4UppLvnr_pGhP2Lkl5svwjYsD7JN76f9typN58aw&amp;__tn__=%2ANK-R\" data-ft=\"{&quot;type&quot;:104,&quot;tn&quot;:&quot;*N&quot;}\"><span class=\"_5afx\"><span class=\"_58cl _5afz\" aria-label=\"hashtag\">#<\/span><span class=\"_58cm\">UNSLG<\/span><\/span><\/a><br \/>\n<a class=\"_58cn\" href=\"https:\/\/www.facebook.com\/hashtag\/eleccionesuniversitarias?source=feed_text&amp;epa=HASHTAG&amp;__xts__%5B0%5D=68.ARAWrROxnYHOfkU1JuXX4vKzjN4zphisht-2OQnzeYfviGjHLpNPKP-5clSrMDYqaMBcsJP2BDM0AhbF8eq4MWl0QNKE8aRwibuj09zLfJuT3scvvMwM7O9FeUiUAeaGBeNRVcIm4QSa-FLgfo-ThiaxoxOhPnnd8VdiPmG03OGu1l4hrksvlFKUwJedbXEA15pR1qyn3yrRHM9ui4WgkP4WtRJ8C882c_vpRCnAEH5j1gj-KImRG7IKEIvysY91jmB1_XU_vyhfznVSyErEhXRjrCvCg5o4F7L5GRzZRWdFJRVXWD4UppLvnr_pGhP2Lkl5svwjYsD7JN76f9typN58aw&amp;__tn__=%2ANK-R\" data-ft=\"{&quot;type&quot;:104,&quot;tn&quot;:&quot;*N&quot;}\"><span class=\"_5afx\"><span class=\"_58cl _5afz\" aria-label=\"hashtag\">#<\/span><span class=\"_58cm\">EleccionesUniversitarias<\/span><\/span><\/a><br \/>\n<a class=\"_58cn\" href=\"https:\/\/www.facebook.com\/hashtag\/comiteelectoral?source=feed_text&amp;epa=HASHTAG&amp;__xts__%5B0%5D=68.ARAWrROxnYHOfkU1JuXX4vKzjN4zphisht-2OQnzeYfviGjHLpNPKP-5clSrMDYqaMBcsJP2BDM0AhbF8eq4MWl0QNKE8aRwibuj09zLfJuT3scvvMwM7O9FeUiUAeaGBeNRVcIm4QSa-FLgfo-ThiaxoxOhPnnd8VdiPmG03OGu1l4hrksvlFKUwJedbXEA15pR1qyn3yrRHM9ui4WgkP4WtRJ8C882c_vpRCnAEH5j1gj-KImRG7IKEIvysY91jmB1_XU_vyhfznVSyErEhXRjrCvCg5o4F7L5GRzZRWdFJRVXWD4UppLvnr_pGhP2Lkl5svwjYsD7JN76f9typN58aw&amp;__tn__=%2ANK-R\" data-ft=\"{&quot;type&quot;:104,&quot;tn&quot;:&quot;*N&quot;}\"><span class=\"_5afx\"><span class=\"_58cl _5afz\" aria-label=\"hashtag\">#<\/span><span class=\"_58cm\">ComiteElectoral<\/span><\/span><\/a><br \/>\n<a class=\"_58cn\" href=\"https:\/\/www.facebook.com\/hashtag\/comunicado?source=feed_text&amp;epa=HASHTAG&amp;__xts__%5B0%5D=68.ARAWrROxnYHOfkU1JuXX4vKzjN4zphisht-2OQnzeYfviGjHLpNPKP-5clSrMDYqaMBcsJP2BDM0AhbF8eq4MWl0QNKE8aRwibuj09zLfJuT3scvvMwM7O9FeUiUAeaGBeNRVcIm4QSa-FLgfo-ThiaxoxOhPnnd8VdiPmG03OGu1l4hrksvlFKUwJedbXEA15pR1qyn3yrRHM9ui4WgkP4WtRJ8C882c_vpRCnAEH5j1gj-KImRG7IKEIvysY91jmB1_XU_vyhfznVSyErEhXRjrCvCg5o4F7L5GRzZRWdFJRVXWD4UppLvnr_pGhP2Lkl5svwjYsD7JN76f9typN58aw&amp;__tn__=%2ANK-R\" data-ft=\"{&quot;type&quot;:104,&quot;tn&quot;:&quot;*N&quot;}\"><span class=\"_5afx\"><span class=\"_58cl _5afz\" aria-label=\"hashtag\">#<\/span><span class=\"_58cm\">Comunicado<\/span><\/span><\/a><\/p>\n<div class=\"text_exposed_show\">\n<p>El comit\u00e9 electoral hace de conocimiento a los docentes y estudiantes elegidos como miembros de mesa que NO ASISTAN a la jornada de capacitaci\u00f3n, acto electoral y escrutinio, recibir\u00e1n una sanci\u00f3n de acuerdo al Art. 117 del Reglamento General de Elecciones 2019.<\/p>\n<p><img loading=\"lazy\" decoding=\"async\" class=\"alignnone size-medium wp-image-3581\" src=\"https:\/\/www.unica.edu.pe\/noticias\/wp-content\/uploads\/2019\/09\/25-3-300x204.jpg\" alt=\"\" width=\"300\" height=\"204\" srcset=\"https:\/\/www.unica.edu.pe\/noticias\/wp-content\/uploads\/2019\/09\/25-3-300x204.jpg 300w, https:\/\/www.unica.edu.pe\/noticias\/wp-content\/uploads\/2019\/09\/25-3-768x523.jpg 768w, https:\/\/www.unica.edu.pe\/noticias\/wp-content\/uploads\/2019\/09\/25-3.jpg 831w\" sizes=\"auto, (max-width: 300px) 100vw, 300px\" \/><\/p>\n<\/div>\n","protected":false},"excerpt":{"rendered":"<p>#UNSLG #EleccionesUniversitarias #ComiteElectoral #Comunicado El comit\u00e9 electoral hace de conocimiento a los docentes y estudiantes elegidos como miembros de mesa que NO ASISTAN a la jornada de capacitaci\u00f3n, acto electoral y escrutinio, recibir\u00e1n una sanci\u00f3n de acuerdo al Art. 117 del Reglamento General de Elecciones 2019.<\/p>\n","protected":false},"author":1,"featured_media":0,"comment_status":"open","ping_status":"open","sticky":false,"template":"","format":"standard","meta":{"footnotes":""},"categories":[7],"tags":[],"class_list":["post-3580","post","type-post","status-publish","format-standard","hentry","category-noticias"],"_links":{"self":[{"href":"https:\/\/www.unica.edu.pe\/noticias\/wp-json\/wp\/v2\/posts\/3580","targetHints":{"allow":["GET"]}}],"collection":[{"href":"https:\/\/www.unica.edu.pe\/noticias\/wp-json\/wp\/v2\/posts"}],"about":[{"href":"https:\/\/www.unica.edu.pe\/noticias\/wp-json\/wp\/v2\/types\/post"}],"author":[{"embeddable":true,"href":"https:\/\/www.unica.edu.pe\/noticias\/wp-json\/wp\/v2\/users\/1"}],"replies":[{"embeddable":true,"href":"https:\/\/www.unica.edu.pe\/noticias\/wp-json\/wp\/v2\/comments?post=3580"}],"version-history":[{"count":1,"href":"https:\/\/www.unica.edu.pe\/noticias\/wp-json\/wp\/v2\/posts\/3580\/revisions"}],"predecessor-version":[{"id":3582,"href":"https:\/\/www.unica.edu.pe\/noticias\/wp-json\/wp\/v2\/posts\/3580\/revisions\/3582"}],"wp:attachment":[{"href":"https:\/\/www.unica.edu.pe\/noticias\/wp-json\/wp\/v2\/media?parent=3580"}],"wp:term":[{"taxonomy":"category","embeddable":true,"href":"https:\/\/www.unica.edu.pe\/noticias\/wp-json\/wp\/v2\/categories?post=3580"},{"taxonomy":"post_tag","embeddable":true,"href":"https:\/\/www.unica.edu.pe\/noticias\/wp-json\/wp\/v2\/tags?post=3580"}],"curies":[{"name":"wp","href":"https:\/\/api.w.org\/{rel}","templated":true}]}}