{"id":35622,"date":"2025-04-29T10:20:00","date_gmt":"2025-04-29T15:20:00","guid":{"rendered":"https:\/\/www.unica.edu.pe\/noticias\/?p=35622"},"modified":"2025-04-29T11:19:43","modified_gmt":"2025-04-29T16:19:43","slug":"imagenes-del-reconocimiento-al-rector-de-la-unslg-por-parte-de-la-municipalidad-de-san-clemente-en-pisco","status":"publish","type":"post","link":"https:\/\/www.unica.edu.pe\/noticias\/2025\/04\/29\/imagenes-del-reconocimiento-al-rector-de-la-unslg-por-parte-de-la-municipalidad-de-san-clemente-en-pisco\/","title":{"rendered":"IM\u00c1GENES DEL RECONOCIMIENTO AL RECTOR DE LA UNSLG POR PARTE DE LA MUNICIPALIDAD DE SAN CLEMENTE EN PISCO."},"content":{"rendered":"\n<p><a href=\"https:\/\/www.facebook.com\/hashtag\/distinci%C3%B3n?__eep__=6&amp;__cft__[0]=AZUwEuf4vvSIVOpVw8p7iyURvI1K-U-oNCHafd-qzoJ5k_eplDWCsCcLstb3F_eYh4T24b7j2HqMT6PIKjljxAQKGy4Bw5XUe6XZ3e5BGrMTChfng-GqqbfXQJVAm9V3_w6S9oLyGgXXso8Qa5eOqWN9XrWgta5Yj8IrW5HiDAJterNa5vX7oQ48a2FAJCbBsDU&amp;__tn__=*NK-R\">#Distinci\u00f3n<\/a> | Con la Resoluci\u00f3n de alcald\u00eda N.\u00ba 072-2025, la municipalidad distrital de San Clemente de la provincia de Pisco, declar\u00f3 hu\u00e9sped ilustre al Dr. Dante <a><\/a>Ferm\u00edn Calder\u00f3n Huaman\u00ed, en reconocimiento por su ardua labor como rector de la Universidad Nacional \u201cSan Luis Gonzaga\u201d, por su trayectoria en el \u00e1mbito educativo superior de la regi\u00f3n Ica y sus aportes con conocimiento en los distintos proyectos de investigaci\u00f3n.<\/p>\n\n\n\n<p>La distinci\u00f3n la realiz\u00f3 el alcalde del distrito de San Clemente, Alejandro Escate Palacios, entreg\u00e1ndole la resoluci\u00f3n y coloc\u00e1ndole la medalla. El acto se dio durante la inauguraci\u00f3n de la Escuela Municipal Pre Universitaria 2025 realizado en la I.E. Fe y Alegr\u00eda n.\u00b0 68 donde tambi\u00e9n estuvieron presentes la directora de la instituci\u00f3n educativa Lic. Isabel Del \u00c1guila, el jefe de la sede regional de Pisco del Gobierno Regional de Ica, Abog. Bernardo Santos Espinoza Huayta, y la masiva asistencia de los escolares, padres de familia, funcionarios, trabajadores de la municipalidad y la prensa.<\/p>\n\n\n\n<p>Tras recibir el reconocimiento de hu\u00e9sped ilustre, el rector manifest\u00f3: \u201cle agradezco sinceramente al alcalde por apostar por los j\u00f3venes. Estoy convencido que no se equivocar\u00e1 con esta primera Escuela Municipal Pre Universitaria del distrito\u201d. Tambi\u00e9n agradeci\u00f3 por el reconocimiento, que quiz\u00e1, de manera modesta, consider\u00f3 inmerecido.<\/p>\n\n\n\n<p>\u201cComo universidad, hemos expresado nuestra disposici\u00f3n a establecer convenios que beneficien a la poblaci\u00f3n del distrito\u201d, indic\u00f3.<\/p>\n\n\n\n<p>Al finalizar reafirm\u00f3 que siempre debemos apostar por la juventud puesto que la educaci\u00f3n es el motor que nos impulsar\u00e1 al desarrollo, cambiar\u00e1 la vida de las personas y de sus familias.<\/p>\n\n\n\n<figure class=\"wp-block-image size-full\"><img loading=\"lazy\" decoding=\"async\" width=\"705\" height=\"709\" src=\"https:\/\/www.unica.edu.pe\/noticias\/wp-content\/uploads\/2025\/04\/image-201.png\" alt=\"\" class=\"wp-image-35623\" srcset=\"https:\/\/www.unica.edu.pe\/noticias\/wp-content\/uploads\/2025\/04\/image-201.png 705w, https:\/\/www.unica.edu.pe\/noticias\/wp-content\/uploads\/2025\/04\/image-201-298x300.png 298w, https:\/\/www.unica.edu.pe\/noticias\/wp-content\/uploads\/2025\/04\/image-201-150x150.png 150w, https:\/\/www.unica.edu.pe\/noticias\/wp-content\/uploads\/2025\/04\/image-201-100x100.png 100w\" sizes=\"auto, (max-width: 705px) 100vw, 705px\" \/><\/figure>\n","protected":false},"excerpt":{"rendered":"<p>#Distinci\u00f3n | Con la Resoluci\u00f3n de alcald\u00eda N.\u00ba 072-2025, la municipalidad distrital de San Clemente de la provincia de Pisco, declar\u00f3 hu\u00e9sped ilustre al Dr. Dante Ferm\u00edn Calder\u00f3n Huaman\u00ed, en reconocimiento por su ardua labor como rector de la Universidad Nacional \u201cSan Luis Gonzaga\u201d, por su trayectoria en el \u00e1mbito educativo superior de la regi\u00f3n &hellip; <\/p>\n<p class=\"link-more\"><a href=\"https:\/\/www.unica.edu.pe\/noticias\/2025\/04\/29\/imagenes-del-reconocimiento-al-rector-de-la-unslg-por-parte-de-la-municipalidad-de-san-clemente-en-pisco\/\" class=\"more-link\">Continuar leyendo<span class=\"screen-reader-text\"> \u00abIM\u00c1GENES DEL RECONOCIMIENTO AL RECTOR DE LA UNSLG POR PARTE DE LA MUNICIPALIDAD DE SAN CLEMENTE EN PISCO.\u00bb<\/span><\/a><\/p>\n","protected":false},"author":4,"featured_media":0,"comment_status":"closed","ping_status":"open","sticky":false,"template":"","format":"standard","meta":{"footnotes":""},"categories":[7],"tags":[],"class_list":["post-35622","post","type-post","status-publish","format-standard","hentry","category-noticias"],"_links":{"self":[{"href":"https:\/\/www.unica.edu.pe\/noticias\/wp-json\/wp\/v2\/posts\/35622","targetHints":{"allow":["GET"]}}],"collection":[{"href":"https:\/\/www.unica.edu.pe\/noticias\/wp-json\/wp\/v2\/posts"}],"about":[{"href":"https:\/\/www.unica.edu.pe\/noticias\/wp-json\/wp\/v2\/types\/post"}],"author":[{"embeddable":true,"href":"https:\/\/www.unica.edu.pe\/noticias\/wp-json\/wp\/v2\/users\/4"}],"replies":[{"embeddable":true,"href":"https:\/\/www.unica.edu.pe\/noticias\/wp-json\/wp\/v2\/comments?post=35622"}],"version-history":[{"count":1,"href":"https:\/\/www.unica.edu.pe\/noticias\/wp-json\/wp\/v2\/posts\/35622\/revisions"}],"predecessor-version":[{"id":35624,"href":"https:\/\/www.unica.edu.pe\/noticias\/wp-json\/wp\/v2\/posts\/35622\/revisions\/35624"}],"wp:attachment":[{"href":"https:\/\/www.unica.edu.pe\/noticias\/wp-json\/wp\/v2\/media?parent=35622"}],"wp:term":[{"taxonomy":"category","embeddable":true,"href":"https:\/\/www.unica.edu.pe\/noticias\/wp-json\/wp\/v2\/categories?post=35622"},{"taxonomy":"post_tag","embeddable":true,"href":"https:\/\/www.unica.edu.pe\/noticias\/wp-json\/wp\/v2\/tags?post=35622"}],"curies":[{"name":"wp","href":"https:\/\/api.w.org\/{rel}","templated":true}]}}