{"id":35619,"date":"2025-04-29T09:40:00","date_gmt":"2025-04-29T14:40:00","guid":{"rendered":"https:\/\/www.unica.edu.pe\/noticias\/?p=35619"},"modified":"2025-04-29T09:40:56","modified_gmt":"2025-04-29T14:40:56","slug":"invitacion-a-la-novena-de-la-virgen-de-chapi","status":"publish","type":"post","link":"https:\/\/www.unica.edu.pe\/noticias\/2025\/04\/29\/invitacion-a-la-novena-de-la-virgen-de-chapi\/","title":{"rendered":"INVITACI\u00d3N A LA NOVENA DE LA VIRGEN DE CHAPI"},"content":{"rendered":"\n<p><a href=\"https:\/\/www.facebook.com\/hashtag\/cepu?__eep__=6&amp;__cft__[0]=AZXVplu-OEMOCTiFwvvxND53I-gOItbXMOn-EUJv1-F6nafZVKL4zOJmnG01L3c72fAQkeKZc83SVclxSZpHha8PK0rMZWYXk-vi2FaLLciz-oEfXQ5gPzByKYu4zXbsZreVCyheLyWJJFtPET_Um2er1kEFj7drLLC2zmjIlbtgqbWaAqByijnB-h-rY-q3hFQgz7TWmUBb_LUlPqTJJUcDpB38QoKxA_vucf8jSThAqQ&amp;__tn__=*NK-y-R\">#CEPU<\/a> | <a href=\"https:\/\/www.facebook.com\/hashtag\/invitaci%C3%B3n?__eep__=6&amp;__cft__[0]=AZXVplu-OEMOCTiFwvvxND53I-gOItbXMOn-EUJv1-F6nafZVKL4zOJmnG01L3c72fAQkeKZc83SVclxSZpHha8PK0rMZWYXk-vi2FaLLciz-oEfXQ5gPzByKYu4zXbsZreVCyheLyWJJFtPET_Um2er1kEFj7drLLC2zmjIlbtgqbWaAqByijnB-h-rY-q3hFQgz7TWmUBb_LUlPqTJJUcDpB38QoKxA_vucf8jSThAqQ&amp;__tn__=*NK-y-R\">#INVITACI\u00d3N<\/a><\/p>\n\n\n\n<p>Novena en Honor a Nuestra Querida Virgen de Chapi<\/p>\n\n\n\n<p><a><\/a>Ofician: El Centro de Estudios Preuniversitario CEPU &#8211; UNICA, Almac\u00e9n Central y Unidad de Servicios Generales (\u00c1rea de Seguridad, Vigilancia y Transportes).<\/p>\n\n\n\n<p>Con inmensa alegr\u00eda y devoci\u00f3n, invitamos a toda la comunidad estudiantil, docentes y trabajadores administrativos a acompa\u00f1arnos en la Novena en honor a la Virgen de Chapi, patrona de nuestra fe y esperanza.<\/p>\n\n\n\n<p><img loading=\"lazy\" decoding=\"async\" height=\"16\" width=\"16\" alt=\"\ud83d\udcc5\" src=\"https:\/\/static.xx.fbcdn.net\/images\/emoji.php\/v9\/t7e\/1\/16\/1f4c5.png\"> Fecha de inicio: 29 de abril<\/p>\n\n\n\n<p><img loading=\"lazy\" decoding=\"async\" height=\"16\" width=\"16\" alt=\"\ud83d\udd52\" src=\"https:\/\/static.xx.fbcdn.net\/images\/emoji.php\/v9\/taa\/1\/16\/1f552.png\"> Hora: 07:00 p.m.<\/p>\n\n\n\n<p><img loading=\"lazy\" decoding=\"async\" height=\"16\" width=\"16\" alt=\"\ud83d\udccd\" src=\"https:\/\/static.xx.fbcdn.net\/images\/emoji.php\/v9\/t2d\/1\/16\/1f4cd.png\"> Lugar: Capilla de la Ciudad Universitaria<\/p>\n\n\n\n<p>Cada d\u00eda ser\u00e1 una oportunidad para elevar nuestras oraciones, agradecer sus bendiciones y pedir su intercesi\u00f3n maternal.<\/p>\n\n\n\n<p>\u00abMadre de Chapi, consuelo de los afligidos, gu\u00eda nuestros pasos y fortalece nuestra fe.\u00bb<\/p>\n\n\n\n<p>\u00a1Te esperamos para unir nuestras voces y corazones en esta hermosa celebraci\u00f3n!<\/p>\n\n\n\n<p>Atentamente;<\/p>\n\n\n\n<p>Directorio del CEPU.<\/p>\n\n\n\n<p>\u00a1Gesti\u00f3n que inspira, lidera y transforma futuros!<\/p>\n\n\n\n<figure class=\"wp-block-image size-full\"><img loading=\"lazy\" decoding=\"async\" width=\"600\" height=\"600\" src=\"https:\/\/www.unica.edu.pe\/noticias\/wp-content\/uploads\/2025\/04\/image-200.png\" alt=\"\" class=\"wp-image-35620\" srcset=\"https:\/\/www.unica.edu.pe\/noticias\/wp-content\/uploads\/2025\/04\/image-200.png 600w, https:\/\/www.unica.edu.pe\/noticias\/wp-content\/uploads\/2025\/04\/image-200-300x300.png 300w, https:\/\/www.unica.edu.pe\/noticias\/wp-content\/uploads\/2025\/04\/image-200-150x150.png 150w, https:\/\/www.unica.edu.pe\/noticias\/wp-content\/uploads\/2025\/04\/image-200-100x100.png 100w\" sizes=\"auto, (max-width: 600px) 100vw, 600px\" \/><\/figure>\n","protected":false},"excerpt":{"rendered":"<p>#CEPU | #INVITACI\u00d3N Novena en Honor a Nuestra Querida Virgen de Chapi Ofician: El Centro de Estudios Preuniversitario CEPU &#8211; UNICA, Almac\u00e9n Central y Unidad de Servicios Generales (\u00c1rea de Seguridad, Vigilancia y Transportes). Con inmensa alegr\u00eda y devoci\u00f3n, invitamos a toda la comunidad estudiantil, docentes y trabajadores administrativos a acompa\u00f1arnos en la Novena en &hellip; <\/p>\n<p class=\"link-more\"><a href=\"https:\/\/www.unica.edu.pe\/noticias\/2025\/04\/29\/invitacion-a-la-novena-de-la-virgen-de-chapi\/\" class=\"more-link\">Continuar leyendo<span class=\"screen-reader-text\"> \u00abINVITACI\u00d3N A LA NOVENA DE LA VIRGEN DE CHAPI\u00bb<\/span><\/a><\/p>\n","protected":false},"author":4,"featured_media":0,"comment_status":"closed","ping_status":"open","sticky":false,"template":"","format":"standard","meta":{"footnotes":""},"categories":[7],"tags":[],"class_list":["post-35619","post","type-post","status-publish","format-standard","hentry","category-noticias"],"_links":{"self":[{"href":"https:\/\/www.unica.edu.pe\/noticias\/wp-json\/wp\/v2\/posts\/35619","targetHints":{"allow":["GET"]}}],"collection":[{"href":"https:\/\/www.unica.edu.pe\/noticias\/wp-json\/wp\/v2\/posts"}],"about":[{"href":"https:\/\/www.unica.edu.pe\/noticias\/wp-json\/wp\/v2\/types\/post"}],"author":[{"embeddable":true,"href":"https:\/\/www.unica.edu.pe\/noticias\/wp-json\/wp\/v2\/users\/4"}],"replies":[{"embeddable":true,"href":"https:\/\/www.unica.edu.pe\/noticias\/wp-json\/wp\/v2\/comments?post=35619"}],"version-history":[{"count":1,"href":"https:\/\/www.unica.edu.pe\/noticias\/wp-json\/wp\/v2\/posts\/35619\/revisions"}],"predecessor-version":[{"id":35621,"href":"https:\/\/www.unica.edu.pe\/noticias\/wp-json\/wp\/v2\/posts\/35619\/revisions\/35621"}],"wp:attachment":[{"href":"https:\/\/www.unica.edu.pe\/noticias\/wp-json\/wp\/v2\/media?parent=35619"}],"wp:term":[{"taxonomy":"category","embeddable":true,"href":"https:\/\/www.unica.edu.pe\/noticias\/wp-json\/wp\/v2\/categories?post=35619"},{"taxonomy":"post_tag","embeddable":true,"href":"https:\/\/www.unica.edu.pe\/noticias\/wp-json\/wp\/v2\/tags?post=35619"}],"curies":[{"name":"wp","href":"https:\/\/api.w.org\/{rel}","templated":true}]}}