{"id":3543,"date":"2019-09-24T16:15:46","date_gmt":"2019-09-24T16:15:46","guid":{"rendered":"http:\/\/www.unica.edu.pe\/noticias\/?p=3543"},"modified":"2019-09-24T16:15:46","modified_gmt":"2019-09-24T16:15:46","slug":"video-este-27-son-las-elecciones-universitarias","status":"publish","type":"post","link":"https:\/\/www.unica.edu.pe\/noticias\/2019\/09\/24\/video-este-27-son-las-elecciones-universitarias\/","title":{"rendered":"VIDEO:  ESTE 27 SON LAS ELECCIONES UNIVERSITARIAS"},"content":{"rendered":"<p><a class=\"_58cn\" href=\"https:\/\/www.facebook.com\/hashtag\/elecciones?source=feed_text&amp;epa=HASHTAG&amp;__xts__%5B0%5D=68.ARB8mj7S8MlwPkHFlqYzj07XunmiMJ0AbPgRmBAJKYwhFfj5kxg_YgpJ9b-elU6K5pULdqiLOxw16iESID8WaVhMb1qWqcrLbnnFfS2ghnjbfRasHwp9zhR4Wq9iGXhPwWhMN7O2gjKMp8pcdK3eoUaEYOJWAU7wM95tvWdRmUvc8XOj3ik9I1wpaP_AeEmb6ervbS-EipUyjOhjdChviTtFl5XXXrW78jcLer175nri0_2X-bN5GB42K2v2JxucoydSttAOzIFaXxEw_nqEHq47EX6BA6BTDzIsYTDz5XZAanu_YvTnND__T8PpRpKU9Zh8vuSuAv_GBaRqVv7O4EjkF3JqjqJoLh8EBQ&amp;__tn__=%2ANK-R\" data-ft=\"{&quot;type&quot;:104,&quot;tn&quot;:&quot;*N&quot;}\"><span class=\"_5afx\"><span class=\"_58cl _5afz\" aria-label=\"hashtag\">#<\/span><span class=\"_58cm\">ELECCIONES<\/span><\/span><\/a><br \/>\nELECCIONES UNIVERSITARIAS SE REALIZAR\u00c1N EL 27 DE SETIEMBRE<br \/>\nEl 27 de septiembre tienes un compromiso importante con nuestra universidad.<br \/>\nCon tu voto elegir\u00e1n a los representantes de los \u00f3rganos de gobierno de tu facultad y la universidad.<br \/>\n\u00bfA quienes elegiremos?<span class=\"text_exposed_show\"><br \/>\n1. A los miembros de la asamblea universitaria<br \/>\n2. Al Consejo universitario<br \/>\n3. Y a los miembros del consejo de facultad<\/span><\/p>\n<div class=\"text_exposed_show\">\n<p>\u00a1Tu voto es importante!, con el tienes el poder de elegir a tus representantes.<br \/>\nNo lo olvides, este 27 de setiembre acude a votar.<\/p>\n<p>\u00a1Evita las multas, participa democr\u00e1ticamente!<\/p>\n<\/div>\n<p><img loading=\"lazy\" decoding=\"async\" class=\"alignnone size-medium wp-image-3544\" src=\"https:\/\/www.unica.edu.pe\/noticias\/wp-content\/uploads\/2019\/09\/Screenshot_163-300x168.jpg\" alt=\"\" width=\"300\" height=\"168\" srcset=\"https:\/\/www.unica.edu.pe\/noticias\/wp-content\/uploads\/2019\/09\/Screenshot_163-300x168.jpg 300w, https:\/\/www.unica.edu.pe\/noticias\/wp-content\/uploads\/2019\/09\/Screenshot_163.jpg 556w\" sizes=\"auto, (max-width: 300px) 100vw, 300px\" \/><\/p>\n<p>ver video aqui:<\/p>\n<p><iframe loading=\"lazy\" style=\"border: none; overflow: hidden;\" src=\"https:\/\/www.facebook.com\/plugins\/video.php?href=https%3A%2F%2Fwww.facebook.com%2FUnicaSLG%2Fvideos%2F594564694412578%2F&amp;show_text=0&amp;width=560\" width=\"560\" height=\"315\" frameborder=\"0\" scrolling=\"no\" allowfullscreen=\"allowfullscreen\"><\/iframe><\/p>\n","protected":false},"excerpt":{"rendered":"<p>#ELECCIONES ELECCIONES UNIVERSITARIAS SE REALIZAR\u00c1N EL 27 DE SETIEMBRE El 27 de septiembre tienes un compromiso importante con nuestra universidad. Con tu voto elegir\u00e1n a los representantes de los \u00f3rganos de gobierno de tu facultad y la universidad. \u00bfA quienes elegiremos? 1. A los miembros de la asamblea universitaria 2. Al Consejo universitario 3. Y &hellip; <\/p>\n<p class=\"link-more\"><a href=\"https:\/\/www.unica.edu.pe\/noticias\/2019\/09\/24\/video-este-27-son-las-elecciones-universitarias\/\" class=\"more-link\">Continuar leyendo<span class=\"screen-reader-text\"> \u00abVIDEO:  ESTE 27 SON LAS ELECCIONES UNIVERSITARIAS\u00bb<\/span><\/a><\/p>\n","protected":false},"author":1,"featured_media":0,"comment_status":"open","ping_status":"open","sticky":false,"template":"","format":"standard","meta":{"footnotes":""},"categories":[7],"tags":[],"class_list":["post-3543","post","type-post","status-publish","format-standard","hentry","category-noticias"],"_links":{"self":[{"href":"https:\/\/www.unica.edu.pe\/noticias\/wp-json\/wp\/v2\/posts\/3543","targetHints":{"allow":["GET"]}}],"collection":[{"href":"https:\/\/www.unica.edu.pe\/noticias\/wp-json\/wp\/v2\/posts"}],"about":[{"href":"https:\/\/www.unica.edu.pe\/noticias\/wp-json\/wp\/v2\/types\/post"}],"author":[{"embeddable":true,"href":"https:\/\/www.unica.edu.pe\/noticias\/wp-json\/wp\/v2\/users\/1"}],"replies":[{"embeddable":true,"href":"https:\/\/www.unica.edu.pe\/noticias\/wp-json\/wp\/v2\/comments?post=3543"}],"version-history":[{"count":1,"href":"https:\/\/www.unica.edu.pe\/noticias\/wp-json\/wp\/v2\/posts\/3543\/revisions"}],"predecessor-version":[{"id":3545,"href":"https:\/\/www.unica.edu.pe\/noticias\/wp-json\/wp\/v2\/posts\/3543\/revisions\/3545"}],"wp:attachment":[{"href":"https:\/\/www.unica.edu.pe\/noticias\/wp-json\/wp\/v2\/media?parent=3543"}],"wp:term":[{"taxonomy":"category","embeddable":true,"href":"https:\/\/www.unica.edu.pe\/noticias\/wp-json\/wp\/v2\/categories?post=3543"},{"taxonomy":"post_tag","embeddable":true,"href":"https:\/\/www.unica.edu.pe\/noticias\/wp-json\/wp\/v2\/tags?post=3543"}],"curies":[{"name":"wp","href":"https:\/\/api.w.org\/{rel}","templated":true}]}}