{"id":3514,"date":"2019-09-23T14:28:10","date_gmt":"2019-09-23T14:28:10","guid":{"rendered":"http:\/\/www.unica.edu.pe\/noticias\/?p=3514"},"modified":"2019-09-24T14:29:53","modified_gmt":"2019-09-24T14:29:53","slug":"estudiantes-de-la-facultad-de-administracion-del-7mo-ciclob-realizaron-campana-de-sensibilizacion-sobre-residuos-solidos-y-reciclaje","status":"publish","type":"post","link":"https:\/\/www.unica.edu.pe\/noticias\/2019\/09\/23\/estudiantes-de-la-facultad-de-administracion-del-7mo-ciclob-realizaron-campana-de-sensibilizacion-sobre-residuos-solidos-y-reciclaje\/","title":{"rendered":"Estudiantes de la facultad de Administraci\u00f3n del 7mo ciclo\u00bbB\u00bb realizaron campa\u00f1a de sensibilizaci\u00f3n sobre residuos s\u00f3lidos y reciclaje"},"content":{"rendered":"<p><a class=\"_58cn\" href=\"https:\/\/www.facebook.com\/hashtag\/proyecci%C3%B3n_social?source=feed_text&amp;epa=HASHTAG&amp;__xts__%5B0%5D=68.ARBWm9vrHYpSQKtsBgvl3edISDQu0CJubM2M0jXBK4WT--jm9BLHKWB3JhEQJWNhAkUkDnaCrZWNkyncczXBkpNelAXq2K-9fhSZBIhQrJ3MxyeC7sDCpLn3HYj1QJakUd8aRdMazYRjfCMzyJb1bBGjcv8e4C7XFWEJ63JfXh-EMAGm4Vxj-8n3po4NCBe8dBL41xDo2rz8q3tYiDFW8u-ytcu5NhoLemtht-0HMCJuNV_4G5KmMDgQUbFlfEFGXyovmrRfYiN9yd7mE5BmLu8dRcTN8c6xnnyNfRoBZEv8VQMgBAJ6k24-HqnCM__toQPT-xSft1z3v1A_wcr1IgugjQ&amp;__tn__=%2ANK-R\" data-ft=\"{&quot;type&quot;:104,&quot;tn&quot;:&quot;*N&quot;}\"><span class=\"_5afx\"><span class=\"_58cl _5afz\" aria-label=\"hashtag\">#<\/span><span class=\"_58cm\">PROYECCI\u00d3N_SOCIAL<\/span><\/span><\/a><br \/>\n<a class=\"_58cn\" href=\"https:\/\/www.facebook.com\/hashtag\/administraci%C3%B3n?source=feed_text&amp;epa=HASHTAG&amp;__xts__%5B0%5D=68.ARBWm9vrHYpSQKtsBgvl3edISDQu0CJubM2M0jXBK4WT--jm9BLHKWB3JhEQJWNhAkUkDnaCrZWNkyncczXBkpNelAXq2K-9fhSZBIhQrJ3MxyeC7sDCpLn3HYj1QJakUd8aRdMazYRjfCMzyJb1bBGjcv8e4C7XFWEJ63JfXh-EMAGm4Vxj-8n3po4NCBe8dBL41xDo2rz8q3tYiDFW8u-ytcu5NhoLemtht-0HMCJuNV_4G5KmMDgQUbFlfEFGXyovmrRfYiN9yd7mE5BmLu8dRcTN8c6xnnyNfRoBZEv8VQMgBAJ6k24-HqnCM__toQPT-xSft1z3v1A_wcr1IgugjQ&amp;__tn__=%2ANK-R\" data-ft=\"{&quot;type&quot;:104,&quot;tn&quot;:&quot;*N&quot;}\"><span class=\"_5afx\"><span class=\"_58cl _5afz\" aria-label=\"hashtag\">#<\/span><span class=\"_58cm\">ADMINISTRACI\u00d3N<\/span><\/span><\/a><br \/>\nIm\u00e1genes de la entrega de tr\u00edpticos y sensibilizaci\u00f3n sobre residuos s\u00f3lidos y reciclaje, por parte de estudiantes de la facultad de Administraci\u00f3n del 7mo \u00abB\u00bb, siendo responsable de aula el Dr. Orlando Gabriel Hern\u00e1ndez.<\/p>\n<p><img loading=\"lazy\" decoding=\"async\" class=\"alignnone size-medium wp-image-3515\" src=\"https:\/\/www.unica.edu.pe\/noticias\/wp-content\/uploads\/2019\/09\/97-300x225.jpg\" alt=\"\" width=\"300\" height=\"225\" srcset=\"https:\/\/www.unica.edu.pe\/noticias\/wp-content\/uploads\/2019\/09\/97-300x225.jpg 300w, https:\/\/www.unica.edu.pe\/noticias\/wp-content\/uploads\/2019\/09\/97.jpg 640w\" sizes=\"auto, (max-width: 300px) 100vw, 300px\" \/> <img loading=\"lazy\" decoding=\"async\" class=\"alignnone size-medium wp-image-3516\" src=\"https:\/\/www.unica.edu.pe\/noticias\/wp-content\/uploads\/2019\/09\/98-300x225.jpg\" alt=\"\" width=\"300\" height=\"225\" srcset=\"https:\/\/www.unica.edu.pe\/noticias\/wp-content\/uploads\/2019\/09\/98-300x225.jpg 300w, https:\/\/www.unica.edu.pe\/noticias\/wp-content\/uploads\/2019\/09\/98.jpg 639w\" sizes=\"auto, (max-width: 300px) 100vw, 300px\" \/> <img loading=\"lazy\" decoding=\"async\" class=\"alignnone size-medium wp-image-3517\" src=\"https:\/\/www.unica.edu.pe\/noticias\/wp-content\/uploads\/2019\/09\/99-300x169.jpg\" alt=\"\" width=\"300\" height=\"169\" srcset=\"https:\/\/www.unica.edu.pe\/noticias\/wp-content\/uploads\/2019\/09\/99-300x169.jpg 300w, https:\/\/www.unica.edu.pe\/noticias\/wp-content\/uploads\/2019\/09\/99-768x433.jpg 768w, https:\/\/www.unica.edu.pe\/noticias\/wp-content\/uploads\/2019\/09\/99.jpg 852w\" sizes=\"auto, (max-width: 300px) 100vw, 300px\" \/> <img loading=\"lazy\" decoding=\"async\" class=\"alignnone size-medium wp-image-3518\" src=\"https:\/\/www.unica.edu.pe\/noticias\/wp-content\/uploads\/2019\/09\/100-300x225.jpg\" alt=\"\" width=\"300\" height=\"225\" srcset=\"https:\/\/www.unica.edu.pe\/noticias\/wp-content\/uploads\/2019\/09\/100-300x225.jpg 300w, https:\/\/www.unica.edu.pe\/noticias\/wp-content\/uploads\/2019\/09\/100.jpg 640w\" sizes=\"auto, (max-width: 300px) 100vw, 300px\" \/> <img loading=\"lazy\" decoding=\"async\" class=\"alignnone size-medium wp-image-3519\" src=\"https:\/\/www.unica.edu.pe\/noticias\/wp-content\/uploads\/2019\/09\/101-300x225.jpg\" alt=\"\" width=\"300\" height=\"225\" srcset=\"https:\/\/www.unica.edu.pe\/noticias\/wp-content\/uploads\/2019\/09\/101-300x225.jpg 300w, https:\/\/www.unica.edu.pe\/noticias\/wp-content\/uploads\/2019\/09\/101.jpg 639w\" sizes=\"auto, (max-width: 300px) 100vw, 300px\" \/> <img loading=\"lazy\" decoding=\"async\" class=\"alignnone size-medium wp-image-3520\" src=\"https:\/\/www.unica.edu.pe\/noticias\/wp-content\/uploads\/2019\/09\/102-300x225.jpg\" alt=\"\" width=\"300\" height=\"225\" srcset=\"https:\/\/www.unica.edu.pe\/noticias\/wp-content\/uploads\/2019\/09\/102-300x225.jpg 300w, https:\/\/www.unica.edu.pe\/noticias\/wp-content\/uploads\/2019\/09\/102.jpg 640w\" sizes=\"auto, (max-width: 300px) 100vw, 300px\" \/> <img loading=\"lazy\" decoding=\"async\" class=\"alignnone size-medium wp-image-3521\" src=\"https:\/\/www.unica.edu.pe\/noticias\/wp-content\/uploads\/2019\/09\/103-300x169.jpg\" alt=\"\" width=\"300\" height=\"169\" srcset=\"https:\/\/www.unica.edu.pe\/noticias\/wp-content\/uploads\/2019\/09\/103-300x169.jpg 300w, https:\/\/www.unica.edu.pe\/noticias\/wp-content\/uploads\/2019\/09\/103-768x433.jpg 768w, https:\/\/www.unica.edu.pe\/noticias\/wp-content\/uploads\/2019\/09\/103.jpg 852w\" sizes=\"auto, (max-width: 300px) 100vw, 300px\" \/><\/p>\n","protected":false},"excerpt":{"rendered":"<p>#PROYECCI\u00d3N_SOCIAL #ADMINISTRACI\u00d3N Im\u00e1genes de la entrega de tr\u00edpticos y sensibilizaci\u00f3n sobre residuos s\u00f3lidos y reciclaje, por parte de estudiantes de la facultad de Administraci\u00f3n del 7mo \u00abB\u00bb, siendo responsable de aula el Dr. Orlando Gabriel Hern\u00e1ndez.<\/p>\n","protected":false},"author":1,"featured_media":0,"comment_status":"open","ping_status":"open","sticky":false,"template":"","format":"standard","meta":{"footnotes":""},"categories":[7],"tags":[],"class_list":["post-3514","post","type-post","status-publish","format-standard","hentry","category-noticias"],"_links":{"self":[{"href":"https:\/\/www.unica.edu.pe\/noticias\/wp-json\/wp\/v2\/posts\/3514","targetHints":{"allow":["GET"]}}],"collection":[{"href":"https:\/\/www.unica.edu.pe\/noticias\/wp-json\/wp\/v2\/posts"}],"about":[{"href":"https:\/\/www.unica.edu.pe\/noticias\/wp-json\/wp\/v2\/types\/post"}],"author":[{"embeddable":true,"href":"https:\/\/www.unica.edu.pe\/noticias\/wp-json\/wp\/v2\/users\/1"}],"replies":[{"embeddable":true,"href":"https:\/\/www.unica.edu.pe\/noticias\/wp-json\/wp\/v2\/comments?post=3514"}],"version-history":[{"count":1,"href":"https:\/\/www.unica.edu.pe\/noticias\/wp-json\/wp\/v2\/posts\/3514\/revisions"}],"predecessor-version":[{"id":3522,"href":"https:\/\/www.unica.edu.pe\/noticias\/wp-json\/wp\/v2\/posts\/3514\/revisions\/3522"}],"wp:attachment":[{"href":"https:\/\/www.unica.edu.pe\/noticias\/wp-json\/wp\/v2\/media?parent=3514"}],"wp:term":[{"taxonomy":"category","embeddable":true,"href":"https:\/\/www.unica.edu.pe\/noticias\/wp-json\/wp\/v2\/categories?post=3514"},{"taxonomy":"post_tag","embeddable":true,"href":"https:\/\/www.unica.edu.pe\/noticias\/wp-json\/wp\/v2\/tags?post=3514"}],"curies":[{"name":"wp","href":"https:\/\/api.w.org\/{rel}","templated":true}]}}