{"id":3495,"date":"2019-09-23T14:13:10","date_gmt":"2019-09-23T14:13:10","guid":{"rendered":"http:\/\/www.unica.edu.pe\/noticias\/?p=3495"},"modified":"2019-09-24T14:18:31","modified_gmt":"2019-09-24T14:18:31","slug":"facultad-de-ciencias-de-la-educacion-y-humanidades-participaron-del-izamiento-del-pabellon-nacional-y-desfile-institucional","status":"publish","type":"post","link":"https:\/\/www.unica.edu.pe\/noticias\/2019\/09\/23\/facultad-de-ciencias-de-la-educacion-y-humanidades-participaron-del-izamiento-del-pabellon-nacional-y-desfile-institucional\/","title":{"rendered":"La Facultad de Ciencias de la Educaci\u00f3n y Humanidades, particip\u00f3 del izamiento del Pabell\u00f3n Nacional y desfile institucional"},"content":{"rendered":"<p><a class=\"_58cn\" href=\"https:\/\/www.facebook.com\/hashtag\/58_aniversario?source=feed_text&amp;epa=HASHTAG&amp;__xts__%5B0%5D=68.ARCqKw8XXIziv9uPiYCDyKHzGRCNlehkHLoovV2Z4peZv3JC1rF876XRuTCaNzge3BBIceA4AhlMPA7ltByYp6XCAy20StRZzR3n9bD_O9ziR_cao_5TsJ0kBYxOHKSLHcWucO5pedn9Nhi0ZeY6AKsq_KTuWw6OKQQY3eGKKZiig89Ek_2QmIPDl6MznjWs-_K8-uTFwn-1JQEdFZaVcLv4Eb3JwkuEL2yuTDpsiQh3UGBKkS_CB7p7TL66YEhC1lmqy3ofefJ8ASGLgAHxmao7BlqoxENspyhwMP_u1nG-Y5OapNsH9mWMXHvMbmsKTJ5bzbMvtzr7k0sIVxPyZfa6zg&amp;__tn__=%2ANK-R\" data-ft=\"{&quot;type&quot;:104,&quot;tn&quot;:&quot;*N&quot;}\"><span class=\"_5afx\"><span class=\"_58cl _5afz\" aria-label=\"hashtag\">#<\/span><span class=\"_58cm\">58_ANIVERSARIO<\/span><\/span><\/a><br \/>\n<a class=\"_58cn\" href=\"https:\/\/www.facebook.com\/hashtag\/educaci%C3%B3n?source=feed_text&amp;epa=HASHTAG&amp;__xts__%5B0%5D=68.ARCqKw8XXIziv9uPiYCDyKHzGRCNlehkHLoovV2Z4peZv3JC1rF876XRuTCaNzge3BBIceA4AhlMPA7ltByYp6XCAy20StRZzR3n9bD_O9ziR_cao_5TsJ0kBYxOHKSLHcWucO5pedn9Nhi0ZeY6AKsq_KTuWw6OKQQY3eGKKZiig89Ek_2QmIPDl6MznjWs-_K8-uTFwn-1JQEdFZaVcLv4Eb3JwkuEL2yuTDpsiQh3UGBKkS_CB7p7TL66YEhC1lmqy3ofefJ8ASGLgAHxmao7BlqoxENspyhwMP_u1nG-Y5OapNsH9mWMXHvMbmsKTJ5bzbMvtzr7k0sIVxPyZfa6zg&amp;__tn__=%2ANK-R\" data-ft=\"{&quot;type&quot;:104,&quot;tn&quot;:&quot;*N&quot;}\"><span class=\"_5afx\"><span class=\"_58cl _5afz\" aria-label=\"hashtag\">#<\/span><span class=\"_58cm\">EDUCACI\u00d3N<\/span><\/span><\/a><br \/>\nDemostrando valores c\u00edvicos, la facultad de Ciencias de la Educaci\u00f3n y Humanidades, participaron del izamiento del Pabell\u00f3n Nacional y desfile institucional, conmemorando sus 58 aniversario de creaci\u00f3n.<\/p>\n<p><img loading=\"lazy\" decoding=\"async\" class=\"alignnone size-medium wp-image-3496\" src=\"https:\/\/www.unica.edu.pe\/noticias\/wp-content\/uploads\/2019\/09\/85-2-300x200.jpg\" alt=\"\" width=\"300\" height=\"200\" srcset=\"https:\/\/www.unica.edu.pe\/noticias\/wp-content\/uploads\/2019\/09\/85-2-300x200.jpg 300w, https:\/\/www.unica.edu.pe\/noticias\/wp-content\/uploads\/2019\/09\/85-2-768x511.jpg 768w, https:\/\/www.unica.edu.pe\/noticias\/wp-content\/uploads\/2019\/09\/85-2.jpg 960w\" sizes=\"auto, (max-width: 300px) 100vw, 300px\" \/> <img loading=\"lazy\" decoding=\"async\" class=\"alignnone size-medium wp-image-3497\" src=\"https:\/\/www.unica.edu.pe\/noticias\/wp-content\/uploads\/2019\/09\/86-2-300x200.jpg\" alt=\"\" width=\"300\" height=\"200\" srcset=\"https:\/\/www.unica.edu.pe\/noticias\/wp-content\/uploads\/2019\/09\/86-2-300x200.jpg 300w, https:\/\/www.unica.edu.pe\/noticias\/wp-content\/uploads\/2019\/09\/86-2-768x511.jpg 768w, https:\/\/www.unica.edu.pe\/noticias\/wp-content\/uploads\/2019\/09\/86-2.jpg 960w\" sizes=\"auto, (max-width: 300px) 100vw, 300px\" \/> <img loading=\"lazy\" decoding=\"async\" class=\"alignnone size-medium wp-image-3498\" src=\"https:\/\/www.unica.edu.pe\/noticias\/wp-content\/uploads\/2019\/09\/87-2-300x200.jpg\" alt=\"\" width=\"300\" height=\"200\" srcset=\"https:\/\/www.unica.edu.pe\/noticias\/wp-content\/uploads\/2019\/09\/87-2-300x200.jpg 300w, https:\/\/www.unica.edu.pe\/noticias\/wp-content\/uploads\/2019\/09\/87-2-768x511.jpg 768w, https:\/\/www.unica.edu.pe\/noticias\/wp-content\/uploads\/2019\/09\/87-2.jpg 960w\" sizes=\"auto, (max-width: 300px) 100vw, 300px\" \/> <img loading=\"lazy\" decoding=\"async\" class=\"alignnone size-medium wp-image-3499\" src=\"https:\/\/www.unica.edu.pe\/noticias\/wp-content\/uploads\/2019\/09\/88-300x169.jpg\" alt=\"\" width=\"300\" height=\"169\" srcset=\"https:\/\/www.unica.edu.pe\/noticias\/wp-content\/uploads\/2019\/09\/88-300x169.jpg 300w, https:\/\/www.unica.edu.pe\/noticias\/wp-content\/uploads\/2019\/09\/88-768x432.jpg 768w, https:\/\/www.unica.edu.pe\/noticias\/wp-content\/uploads\/2019\/09\/88.jpg 960w\" sizes=\"auto, (max-width: 300px) 100vw, 300px\" \/> <img loading=\"lazy\" decoding=\"async\" class=\"alignnone size-medium wp-image-3500\" src=\"https:\/\/www.unica.edu.pe\/noticias\/wp-content\/uploads\/2019\/09\/89-1-300x169.jpg\" alt=\"\" width=\"300\" height=\"169\" srcset=\"https:\/\/www.unica.edu.pe\/noticias\/wp-content\/uploads\/2019\/09\/89-1-300x169.jpg 300w, https:\/\/www.unica.edu.pe\/noticias\/wp-content\/uploads\/2019\/09\/89-1-768x432.jpg 768w, https:\/\/www.unica.edu.pe\/noticias\/wp-content\/uploads\/2019\/09\/89-1.jpg 960w\" sizes=\"auto, (max-width: 300px) 100vw, 300px\" \/> <img loading=\"lazy\" decoding=\"async\" class=\"alignnone size-medium wp-image-3501\" src=\"https:\/\/www.unica.edu.pe\/noticias\/wp-content\/uploads\/2019\/09\/90-1-300x169.jpg\" alt=\"\" width=\"300\" height=\"169\" srcset=\"https:\/\/www.unica.edu.pe\/noticias\/wp-content\/uploads\/2019\/09\/90-1-300x169.jpg 300w, https:\/\/www.unica.edu.pe\/noticias\/wp-content\/uploads\/2019\/09\/90-1-768x432.jpg 768w, https:\/\/www.unica.edu.pe\/noticias\/wp-content\/uploads\/2019\/09\/90-1.jpg 960w\" sizes=\"auto, (max-width: 300px) 100vw, 300px\" \/><\/p>\n","protected":false},"excerpt":{"rendered":"<p>#58_ANIVERSARIO #EDUCACI\u00d3N Demostrando valores c\u00edvicos, la facultad de Ciencias de la Educaci\u00f3n y Humanidades, participaron del izamiento del Pabell\u00f3n Nacional y desfile institucional, conmemorando sus 58 aniversario de creaci\u00f3n.<\/p>\n","protected":false},"author":1,"featured_media":0,"comment_status":"open","ping_status":"open","sticky":false,"template":"","format":"standard","meta":{"footnotes":""},"categories":[7],"tags":[],"class_list":["post-3495","post","type-post","status-publish","format-standard","hentry","category-noticias"],"_links":{"self":[{"href":"https:\/\/www.unica.edu.pe\/noticias\/wp-json\/wp\/v2\/posts\/3495","targetHints":{"allow":["GET"]}}],"collection":[{"href":"https:\/\/www.unica.edu.pe\/noticias\/wp-json\/wp\/v2\/posts"}],"about":[{"href":"https:\/\/www.unica.edu.pe\/noticias\/wp-json\/wp\/v2\/types\/post"}],"author":[{"embeddable":true,"href":"https:\/\/www.unica.edu.pe\/noticias\/wp-json\/wp\/v2\/users\/1"}],"replies":[{"embeddable":true,"href":"https:\/\/www.unica.edu.pe\/noticias\/wp-json\/wp\/v2\/comments?post=3495"}],"version-history":[{"count":2,"href":"https:\/\/www.unica.edu.pe\/noticias\/wp-json\/wp\/v2\/posts\/3495\/revisions"}],"predecessor-version":[{"id":3509,"href":"https:\/\/www.unica.edu.pe\/noticias\/wp-json\/wp\/v2\/posts\/3495\/revisions\/3509"}],"wp:attachment":[{"href":"https:\/\/www.unica.edu.pe\/noticias\/wp-json\/wp\/v2\/media?parent=3495"}],"wp:term":[{"taxonomy":"category","embeddable":true,"href":"https:\/\/www.unica.edu.pe\/noticias\/wp-json\/wp\/v2\/categories?post=3495"},{"taxonomy":"post_tag","embeddable":true,"href":"https:\/\/www.unica.edu.pe\/noticias\/wp-json\/wp\/v2\/tags?post=3495"}],"curies":[{"name":"wp","href":"https:\/\/api.w.org\/{rel}","templated":true}]}}