{"id":33848,"date":"2025-02-11T11:52:00","date_gmt":"2025-02-11T16:52:00","guid":{"rendered":"https:\/\/www.unica.edu.pe\/noticias\/?p=33848"},"modified":"2025-02-11T19:57:50","modified_gmt":"2025-02-12T00:57:50","slug":"imagenes-de-la-conferencia-de-prensa-de-las-actividades-programadas-por-el-64-aniversario-de-funcionamiento-de-la-unslg","status":"publish","type":"post","link":"https:\/\/www.unica.edu.pe\/noticias\/2025\/02\/11\/imagenes-de-la-conferencia-de-prensa-de-las-actividades-programadas-por-el-64-aniversario-de-funcionamiento-de-la-unslg\/","title":{"rendered":"IM\u00c1GENES DE LA CONFERENCIA DE PRENSA DE LAS ACTIVIDADES PROGRAMADAS POR EL 64\u00b0 ANIVERSARIO DE FUNCIONAMIENTO DE LA UNSLG."},"content":{"rendered":"\n<p><a href=\"https:\/\/www.facebook.com\/hashtag\/64aniversariounslg?__eep__=6&amp;__cft__[0]=AZXb9O211r4l8UfvNwr6ymuCr-CfBvkvGufIy37TtaCnhyZsi6QGQnkPuxv-jROjY5TtQcuKkvkv5rvZbxXjCp0PG5dCjvKA2CBRool96ljw82skStUYJfTudREl6CGgejWLdhh0IPl6nSWW-yNzBc70ncQNskMIejEo394lQq-jKmVGr7_hmNalQZzA0_ydqLQ&amp;__tn__=*NK-R\">#64AniversarioUNSLG<\/a> | La ma\u00f1ana de ayer se realiz\u00f3 la conferencia de prensa de presentaci\u00f3n de las actividades programadas por el 64\u00b0 aniversario de funcionamiento de la Universidad Nacional \u00abSan Luis Gonzaga\u00bb.<\/p>\n\n\n\n<p>La conferencia de prensa fue presidida por nuestro rector Dr. Dante Ferm\u00edn Calder\u00f3n Huaman\u00ed, acompa\u00f1ado por el Vicerrector Acad\u00e9mico, Dr. Jos\u00e9 Ernesto Rojas Campos, la presidenta de la Comisi\u00f3n del 64\u00ba aniversario, es la Vicerrectora de Investigaci\u00f3n Dra. Cecilia <a><\/a>Paquita Uribe Quiroz, la Srta. Madai Rosario Salas Navarrete, vigente reina de nuestra universidad y actual candidata al FIVI 2025, y los integrantes de la comisi\u00f3n de aniversario.<\/p>\n\n\n\n<p>Posteriormente se realiz\u00f3 la presentaci\u00f3n de las 21 candidatas al reinado por el aniversario de funcionamiento, finalizando el evento con una rueda de preguntas de los periodistas asistentes.<\/p>\n\n\n\n<p>Estas son las candidatas al reinado de nuestra universidad que se hicieron presentes en la conferencia de prensa.:<\/p>\n\n\n\n<p>ADMINISTRACI\u00d3N: Katherine Luisa El\u00edas Tello<\/p>\n\n\n\n<p>AGRONOM\u00cdA: Cielo Valentina Castillo Gamonal<\/p>\n\n\n\n<p>ARQUITECTURA: Ariana Alejandra Donayre Acasiete<\/p>\n\n\n\n<p>CIENCIAS: Xiomara Valeria Pacheco Angulo<\/p>\n\n\n\n<p>CIENCIAS BIOL\u00d3GICAS: Mar\u00eda Milagros Talledo Farf\u00e1n<\/p>\n\n\n\n<p>CIENCIAS COMUNICACI\u00d3N, TURISMO Y ARQUEOLOGIA: Daniela Cristina Alfonso Andrade<\/p>\n\n\n\n<p>CIENCIAD DE LA EDUCACI\u00d3N: Daniela Beatriz Vargas Hern\u00e1ndez<\/p>\n\n\n\n<p>FACULTAD DE CIENCIAS ECON\u00d3MICAS Y NEGOCIOS INTERNACIONALES: Briseyda Ariana Diaz Quispe<\/p>\n\n\n\n<p>FACULTAD DERECHO Y CIENCIA POL\u00cdTICA: Abigail Jhoana Melgar Pe\u00f1a<\/p>\n\n\n\n<p>CONTABILIDAD: Daniela Brigith L\u00f3pez C\u00f3rdova<\/p>\n\n\n\n<p>ENFERMERIA: Valeria Liliana Choque Tumba<\/p>\n\n\n\n<p>FARMACIA Y BIOQU\u00cdMICA: Angella Anais Tapia Ch\u00e1vez<\/p>\n\n\n\n<p>INGENIER\u00cdA CIVIL: Fabiana Guadalupe Arangoitia Tubilla<\/p>\n\n\n\n<p>INGENIER\u00cdA AMBIENTAL Y SANITARIA: Celeste Juliet Espinoza Quispe<\/p>\n\n\n\n<p>FACULTAD DE INGENIER\u00cdA DE SISTEMAS: Rita Giovana Farf\u00e1n Cordero<\/p>\n\n\n\n<p>INGENIER\u00cdA MEC\u00c1NICA EL\u00c9CTRICA Y ELECTR\u00d3NICA: Ruth Pamela Cucho De la Torre<\/p>\n\n\n\n<p>INGENIER\u00cdA QU\u00cdMICA Y PETROQU\u00cdMICA: Ximena Alejandra Rodr\u00edguez Rosas<\/p>\n\n\n\n<p>MEDICINA HUMANA: Ariana Reyna Carolina Joo Fern\u00e1ndez<\/p>\n\n\n\n<p>ODONTOLOG\u00cdA: Mari\u00e1ngel Mattey N\u00fa\u00f1ez<\/p>\n\n\n\n<p>OBSTETRICIA: Fernanda Lucia Paredes Ramos<\/p>\n\n\n\n<p>PSICOLOG\u00cdA: Coraly Nicoll Angulo Barrera<\/p>\n\n\n\n<p><a href=\"https:\/\/www.facebook.com\/UnicaSLG\/posts\/pfbid0NyzXqec1Anw3mGaQsDTjwQ9J9ZTxJxyJ8Avtg6hworVCzEwvGQPR8VK9kBENRgYul\">https:\/\/www.facebook.com\/UnicaSLG\/posts\/pfbid0NyzXqec1Anw3mGaQsDTjwQ9J9ZTxJxyJ8Avtg6hworVCzEwvGQPR8VK9kBENRgYul<\/a><\/p>\n\n\n\n<figure class=\"wp-block-image size-full\"><img loading=\"lazy\" decoding=\"async\" width=\"682\" height=\"681\" src=\"https:\/\/www.unica.edu.pe\/noticias\/wp-content\/uploads\/2025\/02\/image-112.png\" alt=\"\" class=\"wp-image-33849\" srcset=\"https:\/\/www.unica.edu.pe\/noticias\/wp-content\/uploads\/2025\/02\/image-112.png 682w, https:\/\/www.unica.edu.pe\/noticias\/wp-content\/uploads\/2025\/02\/image-112-300x300.png 300w, https:\/\/www.unica.edu.pe\/noticias\/wp-content\/uploads\/2025\/02\/image-112-150x150.png 150w, https:\/\/www.unica.edu.pe\/noticias\/wp-content\/uploads\/2025\/02\/image-112-100x100.png 100w\" sizes=\"auto, (max-width: 682px) 100vw, 682px\" \/><\/figure>\n","protected":false},"excerpt":{"rendered":"<p>#64AniversarioUNSLG | La ma\u00f1ana de ayer se realiz\u00f3 la conferencia de prensa de presentaci\u00f3n de las actividades programadas por el 64\u00b0 aniversario de funcionamiento de la Universidad Nacional \u00abSan Luis Gonzaga\u00bb. La conferencia de prensa fue presidida por nuestro rector Dr. Dante Ferm\u00edn Calder\u00f3n Huaman\u00ed, acompa\u00f1ado por el Vicerrector Acad\u00e9mico, Dr. Jos\u00e9 Ernesto Rojas Campos, &hellip; <\/p>\n<p class=\"link-more\"><a href=\"https:\/\/www.unica.edu.pe\/noticias\/2025\/02\/11\/imagenes-de-la-conferencia-de-prensa-de-las-actividades-programadas-por-el-64-aniversario-de-funcionamiento-de-la-unslg\/\" class=\"more-link\">Continuar leyendo<span class=\"screen-reader-text\"> \u00abIM\u00c1GENES DE LA CONFERENCIA DE PRENSA DE LAS ACTIVIDADES PROGRAMADAS POR EL 64\u00b0 ANIVERSARIO DE FUNCIONAMIENTO DE LA UNSLG.\u00bb<\/span><\/a><\/p>\n","protected":false},"author":4,"featured_media":0,"comment_status":"closed","ping_status":"open","sticky":false,"template":"","format":"standard","meta":{"footnotes":""},"categories":[12],"tags":[],"class_list":["post-33848","post","type-post","status-publish","format-standard","hentry","category-aniversarios"],"_links":{"self":[{"href":"https:\/\/www.unica.edu.pe\/noticias\/wp-json\/wp\/v2\/posts\/33848","targetHints":{"allow":["GET"]}}],"collection":[{"href":"https:\/\/www.unica.edu.pe\/noticias\/wp-json\/wp\/v2\/posts"}],"about":[{"href":"https:\/\/www.unica.edu.pe\/noticias\/wp-json\/wp\/v2\/types\/post"}],"author":[{"embeddable":true,"href":"https:\/\/www.unica.edu.pe\/noticias\/wp-json\/wp\/v2\/users\/4"}],"replies":[{"embeddable":true,"href":"https:\/\/www.unica.edu.pe\/noticias\/wp-json\/wp\/v2\/comments?post=33848"}],"version-history":[{"count":1,"href":"https:\/\/www.unica.edu.pe\/noticias\/wp-json\/wp\/v2\/posts\/33848\/revisions"}],"predecessor-version":[{"id":33850,"href":"https:\/\/www.unica.edu.pe\/noticias\/wp-json\/wp\/v2\/posts\/33848\/revisions\/33850"}],"wp:attachment":[{"href":"https:\/\/www.unica.edu.pe\/noticias\/wp-json\/wp\/v2\/media?parent=33848"}],"wp:term":[{"taxonomy":"category","embeddable":true,"href":"https:\/\/www.unica.edu.pe\/noticias\/wp-json\/wp\/v2\/categories?post=33848"},{"taxonomy":"post_tag","embeddable":true,"href":"https:\/\/www.unica.edu.pe\/noticias\/wp-json\/wp\/v2\/tags?post=33848"}],"curies":[{"name":"wp","href":"https:\/\/api.w.org\/{rel}","templated":true}]}}