{"id":33398,"date":"2025-01-27T14:25:00","date_gmt":"2025-01-27T19:25:00","guid":{"rendered":"https:\/\/www.unica.edu.pe\/noticias\/?p=33398"},"modified":"2025-01-27T14:42:30","modified_gmt":"2025-01-27T19:42:30","slug":"imagenes-de-la-segunda-ceremonia-de-entrega-de-diplomas-de-grados-academicos-y-titulos-profesionales-del-2025-realizada-hoy-en-el-auditorio-raul-porras-barrenechea","status":"publish","type":"post","link":"https:\/\/www.unica.edu.pe\/noticias\/2025\/01\/27\/imagenes-de-la-segunda-ceremonia-de-entrega-de-diplomas-de-grados-academicos-y-titulos-profesionales-del-2025-realizada-hoy-en-el-auditorio-raul-porras-barrenechea\/","title":{"rendered":"IM\u00c1GENES DE LA SEGUNDA CEREMONIA DE ENTREGA DE DIPLOMAS DE GRADOS ACAD\u00c9MICOS Y T\u00cdTULOS PROFESIONALES DEL 2025 REALIZADA HOY EN EL AUDITORIO RA\u00daL PORRAS BARRENECHEA."},"content":{"rendered":"\n<p><a href=\"https:\/\/www.facebook.com\/hashtag\/entregadegradosacademicos2025?__eep__=6&amp;__cft__[0]=AZWbQL-SxP6OlMCsu3d3uqTKCvYRlsw169z1yqGNaZf5N9URHquR5oM_WO7x0Wbviumf7JrzaGrcxM2vPNTXbmUhR9F63Anrtfe3CcWSeNIRsb6XIeCSzE1fQNyLqZtAartDkkcM3ynVeS4tyFSejs4PKHVevWRrg671N1vNn6jrTfd11ZYFgQBGRx1yOshENR4&amp;__tn__=*NK-R\">#EntregadeGradosAcademicos2025<\/a> | IM\u00c1GENES DE LA SEGUNDA CEREMONIA DE ENTREGA DE DIPLOMAS DE GRADOS ACAD\u00c9MICOS Y T\u00cdTULOS PROFESIONALES DEL 2025 REALIZADA HOY EN EL AUDITORIO RA\u00daL PORRAS BARRENECHEA.<\/p>\n\n\n\n<p>La ceremonia de entrega de diplomas de grados acad\u00e9micos y t\u00edtulos profesionales fue presidida por el Dr. Jos\u00e9 Ernesto Rojas Campos, vicerrector acad\u00e9mico, en representaci\u00f3n de nuestro rector. Lo acompa\u00f1aron la Dra. Cecilia Paquita Uribe Quiroz, vicerrectora de investigaci\u00f3n, y el <a><\/a>Dr. Mario Gustavo Reyes Mej\u00eda, director de la escuela de posgrado.<\/p>\n\n\n\n<p>Luego del acto protocolar, el Dr. Jos\u00e9 Rojas, vicerrector acad\u00e9mico de nuestra universidad, acompa\u00f1ado por la vicerrectora de investigaci\u00f3n y el director de posgrado, decanos, realizaron la entrega de los diplomas a los egresados de las diversas facultades, iniciando con Odontolog\u00eda, Ingenier\u00eda de Minas y Metalurgia, Ingenier\u00eda Qu\u00edmica y Petroqu\u00edmica, Agronom\u00eda, Ingenier\u00eda Civil, Ingenier\u00eda Pesquera y de Alimentos, Ingenier\u00eda Mec\u00e1nica El\u00e9ctrica y Electr\u00f3nica, Medicina Veterinaria y Zootecnia, Enfermer\u00eda, Ciencias Econ\u00f3micas y Negocios Internacionales, Farmacia y Bioqu\u00edmica, Psicolog\u00eda, Medicina Humana, Ciencias de la Educaci\u00f3n y Humanidades, Derecho y Ciencia Pol\u00edtica, Administraci\u00f3n y la Escuela de Posgrado.<\/p>\n\n\n\n<p><a href=\"https:\/\/www.facebook.com\/UnicaSLG\/posts\/pfbid02osxb7Q1wrKkRPJTKiWuFTQ7ZJGBJhbzH5Cw8eh8PKnK5mga4WKv9RKyfZLwcrTRMl\">https:\/\/www.facebook.com\/UnicaSLG\/posts\/pfbid02osxb7Q1wrKkRPJTKiWuFTQ7ZJGBJhbzH5Cw8eh8PKnK5mga4WKv9RKyfZLwcrTRMl<\/a><\/p>\n\n\n\n<figure class=\"wp-block-image size-full\"><img loading=\"lazy\" decoding=\"async\" width=\"679\" height=\"679\" src=\"https:\/\/www.unica.edu.pe\/noticias\/wp-content\/uploads\/2025\/01\/image-178.png\" alt=\"\" class=\"wp-image-33399\" srcset=\"https:\/\/www.unica.edu.pe\/noticias\/wp-content\/uploads\/2025\/01\/image-178.png 679w, https:\/\/www.unica.edu.pe\/noticias\/wp-content\/uploads\/2025\/01\/image-178-300x300.png 300w, https:\/\/www.unica.edu.pe\/noticias\/wp-content\/uploads\/2025\/01\/image-178-150x150.png 150w, https:\/\/www.unica.edu.pe\/noticias\/wp-content\/uploads\/2025\/01\/image-178-100x100.png 100w\" sizes=\"auto, (max-width: 679px) 100vw, 679px\" \/><\/figure>\n","protected":false},"excerpt":{"rendered":"<p>#EntregadeGradosAcademicos2025 | IM\u00c1GENES DE LA SEGUNDA CEREMONIA DE ENTREGA DE DIPLOMAS DE GRADOS ACAD\u00c9MICOS Y T\u00cdTULOS PROFESIONALES DEL 2025 REALIZADA HOY EN EL AUDITORIO RA\u00daL PORRAS BARRENECHEA. La ceremonia de entrega de diplomas de grados acad\u00e9micos y t\u00edtulos profesionales fue presidida por el Dr. Jos\u00e9 Ernesto Rojas Campos, vicerrector acad\u00e9mico, en representaci\u00f3n de nuestro rector. &hellip; <\/p>\n<p class=\"link-more\"><a href=\"https:\/\/www.unica.edu.pe\/noticias\/2025\/01\/27\/imagenes-de-la-segunda-ceremonia-de-entrega-de-diplomas-de-grados-academicos-y-titulos-profesionales-del-2025-realizada-hoy-en-el-auditorio-raul-porras-barrenechea\/\" class=\"more-link\">Continuar leyendo<span class=\"screen-reader-text\"> \u00abIM\u00c1GENES DE LA SEGUNDA CEREMONIA DE ENTREGA DE DIPLOMAS DE GRADOS ACAD\u00c9MICOS Y T\u00cdTULOS PROFESIONALES DEL 2025 REALIZADA HOY EN EL AUDITORIO RA\u00daL PORRAS BARRENECHEA.\u00bb<\/span><\/a><\/p>\n","protected":false},"author":4,"featured_media":0,"comment_status":"closed","ping_status":"open","sticky":false,"template":"","format":"standard","meta":{"footnotes":""},"categories":[7],"tags":[],"class_list":["post-33398","post","type-post","status-publish","format-standard","hentry","category-noticias"],"_links":{"self":[{"href":"https:\/\/www.unica.edu.pe\/noticias\/wp-json\/wp\/v2\/posts\/33398","targetHints":{"allow":["GET"]}}],"collection":[{"href":"https:\/\/www.unica.edu.pe\/noticias\/wp-json\/wp\/v2\/posts"}],"about":[{"href":"https:\/\/www.unica.edu.pe\/noticias\/wp-json\/wp\/v2\/types\/post"}],"author":[{"embeddable":true,"href":"https:\/\/www.unica.edu.pe\/noticias\/wp-json\/wp\/v2\/users\/4"}],"replies":[{"embeddable":true,"href":"https:\/\/www.unica.edu.pe\/noticias\/wp-json\/wp\/v2\/comments?post=33398"}],"version-history":[{"count":1,"href":"https:\/\/www.unica.edu.pe\/noticias\/wp-json\/wp\/v2\/posts\/33398\/revisions"}],"predecessor-version":[{"id":33400,"href":"https:\/\/www.unica.edu.pe\/noticias\/wp-json\/wp\/v2\/posts\/33398\/revisions\/33400"}],"wp:attachment":[{"href":"https:\/\/www.unica.edu.pe\/noticias\/wp-json\/wp\/v2\/media?parent=33398"}],"wp:term":[{"taxonomy":"category","embeddable":true,"href":"https:\/\/www.unica.edu.pe\/noticias\/wp-json\/wp\/v2\/categories?post=33398"},{"taxonomy":"post_tag","embeddable":true,"href":"https:\/\/www.unica.edu.pe\/noticias\/wp-json\/wp\/v2\/tags?post=33398"}],"curies":[{"name":"wp","href":"https:\/\/api.w.org\/{rel}","templated":true}]}}