{"id":33268,"date":"2025-01-20T16:31:00","date_gmt":"2025-01-20T21:31:00","guid":{"rendered":"https:\/\/www.unica.edu.pe\/noticias\/?p=33268"},"modified":"2025-01-21T08:33:00","modified_gmt":"2025-01-21T13:33:00","slug":"sst-con-diresa-y-apoyo-de-la-alta-direccion-se-esta-coordinando-acciones-efectivas-que-contribuyan-a-la-mitigacion-del-dengue-en-la-universidad-nacional-san-luis-gonzaga","status":"publish","type":"post","link":"https:\/\/www.unica.edu.pe\/noticias\/2025\/01\/20\/sst-con-diresa-y-apoyo-de-la-alta-direccion-se-esta-coordinando-acciones-efectivas-que-contribuyan-a-la-mitigacion-del-dengue-en-la-universidad-nacional-san-luis-gonzaga\/","title":{"rendered":"SST CON DIRESA Y APOYO DE LA ALTA DIRECCI\u00d3N, SE EST\u00c1 COORDINANDO ACCIONES EFECTIVAS QUE CONTRIBUYAN A LA MITIGACI\u00d3N DEL DENGUE EN LA UNIVERSIDAD NACIONAL SAN LUIS GONZAGA."},"content":{"rendered":"\n<p>Coordinaci\u00f3n en marcha para la prevenci\u00f3n del dengue en nuestra universidad <img loading=\"lazy\" decoding=\"async\" height=\"16\" width=\"16\" alt=\"\ud83e\udd9f\" src=\"https:\/\/static.xx.fbcdn.net\/images\/emoji.php\/v9\/t5e\/1\/16\/1f99f.png\"><img loading=\"lazy\" decoding=\"async\" height=\"16\" width=\"16\" alt=\"\ud83d\udcaa\" src=\"https:\/\/static.xx.fbcdn.net\/images\/emoji.php\/v9\/t6c\/1\/16\/1f4aa.png\"><\/p>\n\n\n\n<p>La Ing. Madelin Sayritupac Palomino, responsable del \u00e1rea de SST, en <a><\/a>coordinaci\u00f3n con la DIRESA y con el apoyo de la alta direcci\u00f3n, encabezada por el Rector Dr. Dante Ferm\u00edn Calder\u00f3n Huaman\u00ed, est\u00e1n llevando a cabo importantes coordinaciones <img loading=\"lazy\" decoding=\"async\" height=\"16\" width=\"16\" alt=\"\ud83e\udd1d\" src=\"https:\/\/static.xx.fbcdn.net\/images\/emoji.php\/v9\/t64\/1\/16\/1f91d.png\"> para desarrollar acciones efectivas y futuras que contribuyan a la mitigaci\u00f3n del dengue en la Universidad Nacional San Luis Gonzaga <img loading=\"lazy\" decoding=\"async\" height=\"16\" width=\"16\" alt=\"\ud83c\udfeb\" src=\"https:\/\/static.xx.fbcdn.net\/images\/emoji.php\/v9\/t28\/1\/16\/1f3eb.png\"><img loading=\"lazy\" decoding=\"async\" height=\"16\" width=\"16\" alt=\"\ud83c\udf3f\" src=\"https:\/\/static.xx.fbcdn.net\/images\/emoji.php\/v9\/t1e\/1\/16\/1f33f.png\">.<\/p>\n\n\n\n<p>Estas iniciativas tienen como objetivo garantizar un entorno seguro y saludable para toda la comunidad universitaria <img loading=\"lazy\" decoding=\"async\" height=\"16\" width=\"16\" alt=\"\ud83d\udc69\u200d\ud83c\udf93\" src=\"https:\/\/static.xx.fbcdn.net\/images\/emoji.php\/v9\/t91\/1\/16\/1f469_200d_1f393.png\"><img loading=\"lazy\" decoding=\"async\" height=\"16\" width=\"16\" alt=\"\ud83d\udc68\u200d\ud83c\udf93\" src=\"https:\/\/static.xx.fbcdn.net\/images\/emoji.php\/v9\/tb2\/1\/16\/1f468_200d_1f393.png\">. Estamos comprometidos en la prevenci\u00f3n y seguimos trabajando para implementar medidas de protecci\u00f3n <img loading=\"lazy\" decoding=\"async\" height=\"16\" width=\"16\" alt=\"\ud83d\uded1\" src=\"https:\/\/static.xx.fbcdn.net\/images\/emoji.php\/v9\/t9b\/1\/16\/1f6d1.png\">.<\/p>\n\n\n\n<p>Sigamos unidos en este esfuerzo por proteger nuestra salud .<\/p>\n\n\n\n<p>\u00a1Tu seguridad , es nuestra prioridad!<\/p>\n\n\n\n<figure class=\"wp-block-image size-full\"><img loading=\"lazy\" decoding=\"async\" width=\"800\" height=\"600\" src=\"https:\/\/www.unica.edu.pe\/noticias\/wp-content\/uploads\/2025\/01\/image-134.png\" alt=\"\" class=\"wp-image-33269\" srcset=\"https:\/\/www.unica.edu.pe\/noticias\/wp-content\/uploads\/2025\/01\/image-134.png 800w, https:\/\/www.unica.edu.pe\/noticias\/wp-content\/uploads\/2025\/01\/image-134-300x225.png 300w, https:\/\/www.unica.edu.pe\/noticias\/wp-content\/uploads\/2025\/01\/image-134-768x576.png 768w\" sizes=\"auto, (max-width: 767px) 89vw, (max-width: 1000px) 54vw, (max-width: 1071px) 543px, 580px\" \/><\/figure>\n","protected":false},"excerpt":{"rendered":"<p>Coordinaci\u00f3n en marcha para la prevenci\u00f3n del dengue en nuestra universidad La Ing. Madelin Sayritupac Palomino, responsable del \u00e1rea de SST, en coordinaci\u00f3n con la DIRESA y con el apoyo de la alta direcci\u00f3n, encabezada por el Rector Dr. Dante Ferm\u00edn Calder\u00f3n Huaman\u00ed, est\u00e1n llevando a cabo importantes coordinaciones para desarrollar acciones efectivas y futuras &hellip; <\/p>\n<p class=\"link-more\"><a href=\"https:\/\/www.unica.edu.pe\/noticias\/2025\/01\/20\/sst-con-diresa-y-apoyo-de-la-alta-direccion-se-esta-coordinando-acciones-efectivas-que-contribuyan-a-la-mitigacion-del-dengue-en-la-universidad-nacional-san-luis-gonzaga\/\" class=\"more-link\">Continuar leyendo<span class=\"screen-reader-text\"> \u00abSST CON DIRESA Y APOYO DE LA ALTA DIRECCI\u00d3N, SE EST\u00c1 COORDINANDO ACCIONES EFECTIVAS QUE CONTRIBUYAN A LA MITIGACI\u00d3N DEL DENGUE EN LA UNIVERSIDAD NACIONAL SAN LUIS GONZAGA.\u00bb<\/span><\/a><\/p>\n","protected":false},"author":4,"featured_media":0,"comment_status":"closed","ping_status":"open","sticky":false,"template":"","format":"standard","meta":{"footnotes":""},"categories":[7],"tags":[],"class_list":["post-33268","post","type-post","status-publish","format-standard","hentry","category-noticias"],"_links":{"self":[{"href":"https:\/\/www.unica.edu.pe\/noticias\/wp-json\/wp\/v2\/posts\/33268","targetHints":{"allow":["GET"]}}],"collection":[{"href":"https:\/\/www.unica.edu.pe\/noticias\/wp-json\/wp\/v2\/posts"}],"about":[{"href":"https:\/\/www.unica.edu.pe\/noticias\/wp-json\/wp\/v2\/types\/post"}],"author":[{"embeddable":true,"href":"https:\/\/www.unica.edu.pe\/noticias\/wp-json\/wp\/v2\/users\/4"}],"replies":[{"embeddable":true,"href":"https:\/\/www.unica.edu.pe\/noticias\/wp-json\/wp\/v2\/comments?post=33268"}],"version-history":[{"count":1,"href":"https:\/\/www.unica.edu.pe\/noticias\/wp-json\/wp\/v2\/posts\/33268\/revisions"}],"predecessor-version":[{"id":33270,"href":"https:\/\/www.unica.edu.pe\/noticias\/wp-json\/wp\/v2\/posts\/33268\/revisions\/33270"}],"wp:attachment":[{"href":"https:\/\/www.unica.edu.pe\/noticias\/wp-json\/wp\/v2\/media?parent=33268"}],"wp:term":[{"taxonomy":"category","embeddable":true,"href":"https:\/\/www.unica.edu.pe\/noticias\/wp-json\/wp\/v2\/categories?post=33268"},{"taxonomy":"post_tag","embeddable":true,"href":"https:\/\/www.unica.edu.pe\/noticias\/wp-json\/wp\/v2\/tags?post=33268"}],"curies":[{"name":"wp","href":"https:\/\/api.w.org\/{rel}","templated":true}]}}