{"id":33261,"date":"2025-01-20T09:45:12","date_gmt":"2025-01-20T14:45:12","guid":{"rendered":"https:\/\/www.unica.edu.pe\/noticias\/?p=33261"},"modified":"2025-01-20T09:45:13","modified_gmt":"2025-01-20T14:45:13","slug":"invitacion-a-la-ceremonia-de-inauguracion-de-la-i-exposicion-pictorica-2025","status":"publish","type":"post","link":"https:\/\/www.unica.edu.pe\/noticias\/2025\/01\/20\/invitacion-a-la-ceremonia-de-inauguracion-de-la-i-exposicion-pictorica-2025\/","title":{"rendered":"INVITACI\u00d3N A LA CEREMONIA DE INAUGURACI\u00d3N DE LA I EXPOSICI\u00d3N PICT\u00d3RICA 2025."},"content":{"rendered":"\n<p><a href=\"https:\/\/www.facebook.com\/hashtag\/rsu?__eep__=6&amp;__cft__[0]=AZXYqrNgV4vRdQkO4oGMa5hOLtoJqhAjbThTdFn3NyUlfTaH7FuplXWTRsYKbc2-UJCng4ZK2mnPZcAx3G55VpyrG0JZpSqP5xbj2mv3-LUDBnbzsxRl8bZMLBOpXTcaG3MmQsqsA4agIYLYyhFewlcWEdbrexW1YFrc4Lf6e19FQpA395UcPTuFN8Xlnh8KS7g&amp;__tn__=*NK-R\">#RSU<\/a> | La Universidad Nacional \u201cSan Luis Gonzaga\u201d de Ica, a trav\u00e9s de la Oficina de Responsabilidad Social Universitaria, Proyecci\u00f3n Social y Extensi\u00f3n Cultural, tiene el grato honor de invitar a Ud. A la Ceremonia de Inauguraci\u00f3n de la I EXPOSICI\u00d3N PICT\u00d3RICA 2025. Artista Yris Leticia Reyes Le\u00f3n, titulada \u201cC\u00e1lidas Memorias\u201dLugar: el <img loading=\"lazy\" decoding=\"async\" height=\"16\" width=\"16\" alt=\"\ud83d\uddd3\" src=\"https:\/\/static.xx.fbcdn.net\/images\/emoji.php\/v9\/t5c\/1\/16\/1f5d3.png\">D\u00eda 3 de febrero.<\/p>\n\n\n\n<p><img loading=\"lazy\" decoding=\"async\" height=\"16\" width=\"16\" alt=\"\u23f1\" src=\"https:\/\/static.xx.fbcdn.net\/images\/emoji.php\/v9\/tb5\/1\/16\/23f1.png\">Hora: 12 m.<\/p>\n\n\n\n<p><img loading=\"lazy\" decoding=\"async\" height=\"16\" width=\"16\" src=\"https:\/\/static.xx.fbcdn.net\/images\/emoji.php\/v9\/tac\/1\/16\/1f4cc.png\" alt=\"\ud83d\udccc\">En la Sala de Exposiciones \u00a8RAUL SOTIL GALINDO\u00a8, ubicada en la calle Bol\u00edvar 232, Local Central de la UN\u00a8SLG\u00a8. Esta muestra permanecer\u00e1 abierta al p\u00fablico hasta el 28 de febrero.<\/p>\n\n\n\n<figure class=\"wp-block-image size-full\"><img loading=\"lazy\" decoding=\"async\" width=\"600\" height=\"867\" src=\"https:\/\/www.unica.edu.pe\/noticias\/wp-content\/uploads\/2025\/01\/image-132.png\" alt=\"\" class=\"wp-image-33262\" srcset=\"https:\/\/www.unica.edu.pe\/noticias\/wp-content\/uploads\/2025\/01\/image-132.png 600w, https:\/\/www.unica.edu.pe\/noticias\/wp-content\/uploads\/2025\/01\/image-132-208x300.png 208w\" sizes=\"auto, (max-width: 600px) 100vw, 600px\" \/><\/figure>\n","protected":false},"excerpt":{"rendered":"<p>#RSU | La Universidad Nacional \u201cSan Luis Gonzaga\u201d de Ica, a trav\u00e9s de la Oficina de Responsabilidad Social Universitaria, Proyecci\u00f3n Social y Extensi\u00f3n Cultural, tiene el grato honor de invitar a Ud. A la Ceremonia de Inauguraci\u00f3n de la I EXPOSICI\u00d3N PICT\u00d3RICA 2025. Artista Yris Leticia Reyes Le\u00f3n, titulada \u201cC\u00e1lidas Memorias\u201dLugar: el D\u00eda 3 de &hellip; <\/p>\n<p class=\"link-more\"><a href=\"https:\/\/www.unica.edu.pe\/noticias\/2025\/01\/20\/invitacion-a-la-ceremonia-de-inauguracion-de-la-i-exposicion-pictorica-2025\/\" class=\"more-link\">Continuar leyendo<span class=\"screen-reader-text\"> \u00abINVITACI\u00d3N A LA CEREMONIA DE INAUGURACI\u00d3N DE LA I EXPOSICI\u00d3N PICT\u00d3RICA 2025.\u00bb<\/span><\/a><\/p>\n","protected":false},"author":4,"featured_media":0,"comment_status":"closed","ping_status":"open","sticky":false,"template":"","format":"standard","meta":{"footnotes":""},"categories":[37],"tags":[],"class_list":["post-33261","post","type-post","status-publish","format-standard","hentry","category-proyeccion-social"],"_links":{"self":[{"href":"https:\/\/www.unica.edu.pe\/noticias\/wp-json\/wp\/v2\/posts\/33261","targetHints":{"allow":["GET"]}}],"collection":[{"href":"https:\/\/www.unica.edu.pe\/noticias\/wp-json\/wp\/v2\/posts"}],"about":[{"href":"https:\/\/www.unica.edu.pe\/noticias\/wp-json\/wp\/v2\/types\/post"}],"author":[{"embeddable":true,"href":"https:\/\/www.unica.edu.pe\/noticias\/wp-json\/wp\/v2\/users\/4"}],"replies":[{"embeddable":true,"href":"https:\/\/www.unica.edu.pe\/noticias\/wp-json\/wp\/v2\/comments?post=33261"}],"version-history":[{"count":1,"href":"https:\/\/www.unica.edu.pe\/noticias\/wp-json\/wp\/v2\/posts\/33261\/revisions"}],"predecessor-version":[{"id":33263,"href":"https:\/\/www.unica.edu.pe\/noticias\/wp-json\/wp\/v2\/posts\/33261\/revisions\/33263"}],"wp:attachment":[{"href":"https:\/\/www.unica.edu.pe\/noticias\/wp-json\/wp\/v2\/media?parent=33261"}],"wp:term":[{"taxonomy":"category","embeddable":true,"href":"https:\/\/www.unica.edu.pe\/noticias\/wp-json\/wp\/v2\/categories?post=33261"},{"taxonomy":"post_tag","embeddable":true,"href":"https:\/\/www.unica.edu.pe\/noticias\/wp-json\/wp\/v2\/tags?post=33261"}],"curies":[{"name":"wp","href":"https:\/\/api.w.org\/{rel}","templated":true}]}}