{"id":33246,"date":"2025-01-18T10:50:00","date_gmt":"2025-01-18T15:50:00","guid":{"rendered":"https:\/\/www.unica.edu.pe\/noticias\/?p=33246"},"modified":"2025-01-20T08:54:34","modified_gmt":"2025-01-20T13:54:34","slug":"el-elenco-de-danzas-de-la-universidad-nacional-san-luis-gonzaga-realizo-su-presentacion-con-la-danza-de-festejo-en-la-plaza-principal-de-boquete","status":"publish","type":"post","link":"https:\/\/www.unica.edu.pe\/noticias\/2025\/01\/18\/el-elenco-de-danzas-de-la-universidad-nacional-san-luis-gonzaga-realizo-su-presentacion-con-la-danza-de-festejo-en-la-plaza-principal-de-boquete\/","title":{"rendered":"El Elenco de Danzas de la Universidad Nacional \u00abSan Luis Gonzaga\u00bb realizo su presentaci\u00f3n con la Danza de Festejo en la Plaza principal de Boquete."},"content":{"rendered":"\n<p><a href=\"https:\/\/www.facebook.com\/hashtag\/participacionartistica?__eep__=6&amp;__cft__[0]=AZWz7doD-InUkOEwCeCyi-zRiC6QrJMfgJOKJ63uql2v9ZFrCBSaOHeNMmpknkk2Lq0HK_23-1YvPo91g0caRniyqaDFgl9wtnsULuCDkVGB1vDoJRuqq1d-n0sl7I-o5-y6YI8K8DYrn9e7b1icbELSpJUv4occhM-wHsG8sLAgrxrRRUwqHyxYkuNVlh1HMkS8zWbCosTf1IEvI2Z5nBZo&amp;__tn__=*NK-R\">#Participacionartistica<\/a><\/p>\n\n\n\n<p><a href=\"https:\/\/www.facebook.com\/hashtag\/festivalinternacional2025?__eep__=6&amp;__cft__[0]=AZWz7doD-InUkOEwCeCyi-zRiC6QrJMfgJOKJ63uql2v9ZFrCBSaOHeNMmpknkk2Lq0HK_23-1YvPo91g0caRniyqaDFgl9wtnsULuCDkVGB1vDoJRuqq1d-n0sl7I-o5-y6YI8K8DYrn9e7b1icbELSpJUv4occhM-wHsG8sLAgrxrRRUwqHyxYkuNVlh1HMkS8zWbCosTf1IEvI2Z5nBZo&amp;__tn__=*NK-R\">#FestivalInternacional2025<\/a><img loading=\"lazy\" decoding=\"async\" height=\"16\" width=\"16\" alt=\"\ud83c\udf89\" src=\"https:\/\/static.xx.fbcdn.net\/images\/emoji.php\/v9\/t8c\/1\/16\/1f389.png\"><\/p>\n\n\n\n<p>El d\u00eda de ayer el Elenco de Danzas de la <a href=\"https:\/\/www.facebook.com\/UnicaSLG?__cft__[0]=AZWz7doD-InUkOEwCeCyi-zRiC6QrJMfgJOKJ63uql2v9ZFrCBSaOHeNMmpknkk2Lq0HK_23-1YvPo91g0caRniyqaDFgl9wtnsULuCDkVGB1vDoJRuqq1d-n0sl7I-o5-y6YI8K8DYrn9e7b1icbELSpJUv4occhM-wHsG8sLAgrxrRRUwqHyxYkuNVlh1HMkS8zWbCosTf1IEvI2Z5nBZo&amp;__tn__=-]K-R\">Universidad Nacional \u00abSan Luis Gonzaga\u00bb<\/a> realizo su presentaci\u00f3n con la Danza de Festejo en la Plaza principal de Boquete, lugar en donde se est\u00e1 llevando a cabo la Feria Internacional de las Flores y del Caf\u00e9, considerado uno de los principales eventos de Panam\u00e1, con la presencia de cientos de turistas de todo el mundo. <img loading=\"lazy\" decoding=\"async\" height=\"16\" width=\"16\" alt=\"\ud83c\udde6\ud83c\uddf9\" src=\"https:\/\/static.xx.fbcdn.net\/images\/emoji.php\/v9\/t4a\/1\/16\/1f1e6_1f1f9.png\"><img loading=\"lazy\" decoding=\"async\" height=\"16\" width=\"16\" alt=\"\ud83c\uddf5\ud83c\udde6\" src=\"https:\/\/static.xx.fbcdn.net\/images\/emoji.php\/v9\/tc6\/1\/16\/1f1f5_1f1e6.png\"><\/p>\n\n\n\n<p>Estas actividades se vienen realizando como parte del <a><\/a>10mo Festival Internacional organizado por el Conjunto Folkl\u00f3rico \u00abRa\u00edces y Tradiciones\u00bb, quienes brindan todas las atenciones a las delegaciones representantes de Per\u00fa, Bolivia, M\u00e9xico, Colombia, Costa Rica .<img loading=\"lazy\" decoding=\"async\" height=\"16\" width=\"16\" alt=\"\ud83d\udc83\" src=\"https:\/\/static.xx.fbcdn.net\/images\/emoji.php\/v9\/tc7\/1\/16\/1f483.png\"><img loading=\"lazy\" decoding=\"async\" height=\"16\" width=\"16\" alt=\"\ud83d\udd7a\" src=\"https:\/\/static.xx.fbcdn.net\/images\/emoji.php\/v9\/t97\/1\/16\/1f57a.png\"><\/p>\n\n\n\n<p>.<\/p>\n\n\n\n<p>.<\/p>\n\n\n\n<p><a href=\"https:\/\/www.facebook.com\/hashtag\/panama?__eep__=6&amp;__cft__[0]=AZWz7doD-InUkOEwCeCyi-zRiC6QrJMfgJOKJ63uql2v9ZFrCBSaOHeNMmpknkk2Lq0HK_23-1YvPo91g0caRniyqaDFgl9wtnsULuCDkVGB1vDoJRuqq1d-n0sl7I-o5-y6YI8K8DYrn9e7b1icbELSpJUv4occhM-wHsG8sLAgrxrRRUwqHyxYkuNVlh1HMkS8zWbCosTf1IEvI2Z5nBZo&amp;__tn__=*NK-R\">#Panama<\/a><a href=\"https:\/\/www.facebook.com\/hashtag\/festivalinternacional?__eep__=6&amp;__cft__[0]=AZWz7doD-InUkOEwCeCyi-zRiC6QrJMfgJOKJ63uql2v9ZFrCBSaOHeNMmpknkk2Lq0HK_23-1YvPo91g0caRniyqaDFgl9wtnsULuCDkVGB1vDoJRuqq1d-n0sl7I-o5-y6YI8K8DYrn9e7b1icbELSpJUv4occhM-wHsG8sLAgrxrRRUwqHyxYkuNVlh1HMkS8zWbCosTf1IEvI2Z5nBZo&amp;__tn__=*NK-R\">#FestivalInternacional<\/a><\/p>\n\n\n\n<p><a href=\"https:\/\/www.facebook.com\/hashtag\/danzafolclorica?__eep__=6&amp;__cft__[0]=AZWz7doD-InUkOEwCeCyi-zRiC6QrJMfgJOKJ63uql2v9ZFrCBSaOHeNMmpknkk2Lq0HK_23-1YvPo91g0caRniyqaDFgl9wtnsULuCDkVGB1vDoJRuqq1d-n0sl7I-o5-y6YI8K8DYrn9e7b1icbELSpJUv4occhM-wHsG8sLAgrxrRRUwqHyxYkuNVlh1HMkS8zWbCosTf1IEvI2Z5nBZo&amp;__tn__=*NK-R\">#DanzaFolclorica<\/a><a href=\"https:\/\/www.facebook.com\/hashtag\/elperuenlosojosdelmundo?__eep__=6&amp;__cft__[0]=AZWz7doD-InUkOEwCeCyi-zRiC6QrJMfgJOKJ63uql2v9ZFrCBSaOHeNMmpknkk2Lq0HK_23-1YvPo91g0caRniyqaDFgl9wtnsULuCDkVGB1vDoJRuqq1d-n0sl7I-o5-y6YI8K8DYrn9e7b1icbELSpJUv4occhM-wHsG8sLAgrxrRRUwqHyxYkuNVlh1HMkS8zWbCosTf1IEvI2Z5nBZo&amp;__tn__=*NK-R\">#ElPeruenlosojosdelmundo<\/a><\/p>\n\n\n\n<figure class=\"wp-block-image size-full\"><img loading=\"lazy\" decoding=\"async\" width=\"679\" height=\"681\" src=\"https:\/\/www.unica.edu.pe\/noticias\/wp-content\/uploads\/2025\/01\/image-128.png\" alt=\"\" class=\"wp-image-33247\" srcset=\"https:\/\/www.unica.edu.pe\/noticias\/wp-content\/uploads\/2025\/01\/image-128.png 679w, https:\/\/www.unica.edu.pe\/noticias\/wp-content\/uploads\/2025\/01\/image-128-300x300.png 300w, https:\/\/www.unica.edu.pe\/noticias\/wp-content\/uploads\/2025\/01\/image-128-150x150.png 150w, https:\/\/www.unica.edu.pe\/noticias\/wp-content\/uploads\/2025\/01\/image-128-100x100.png 100w\" sizes=\"auto, (max-width: 679px) 100vw, 679px\" \/><\/figure>\n","protected":false},"excerpt":{"rendered":"<p>#Participacionartistica #FestivalInternacional2025 El d\u00eda de ayer el Elenco de Danzas de la Universidad Nacional \u00abSan Luis Gonzaga\u00bb realizo su presentaci\u00f3n con la Danza de Festejo en la Plaza principal de Boquete, lugar en donde se est\u00e1 llevando a cabo la Feria Internacional de las Flores y del Caf\u00e9, considerado uno de los principales eventos de &hellip; <\/p>\n<p class=\"link-more\"><a href=\"https:\/\/www.unica.edu.pe\/noticias\/2025\/01\/18\/el-elenco-de-danzas-de-la-universidad-nacional-san-luis-gonzaga-realizo-su-presentacion-con-la-danza-de-festejo-en-la-plaza-principal-de-boquete\/\" class=\"more-link\">Continuar leyendo<span class=\"screen-reader-text\"> \u00abEl Elenco de Danzas de la Universidad Nacional \u00abSan Luis Gonzaga\u00bb realizo su presentaci\u00f3n con la Danza de Festejo en la Plaza principal de Boquete.\u00bb<\/span><\/a><\/p>\n","protected":false},"author":4,"featured_media":0,"comment_status":"closed","ping_status":"open","sticky":false,"template":"","format":"standard","meta":{"footnotes":""},"categories":[37],"tags":[],"class_list":["post-33246","post","type-post","status-publish","format-standard","hentry","category-proyeccion-social"],"_links":{"self":[{"href":"https:\/\/www.unica.edu.pe\/noticias\/wp-json\/wp\/v2\/posts\/33246","targetHints":{"allow":["GET"]}}],"collection":[{"href":"https:\/\/www.unica.edu.pe\/noticias\/wp-json\/wp\/v2\/posts"}],"about":[{"href":"https:\/\/www.unica.edu.pe\/noticias\/wp-json\/wp\/v2\/types\/post"}],"author":[{"embeddable":true,"href":"https:\/\/www.unica.edu.pe\/noticias\/wp-json\/wp\/v2\/users\/4"}],"replies":[{"embeddable":true,"href":"https:\/\/www.unica.edu.pe\/noticias\/wp-json\/wp\/v2\/comments?post=33246"}],"version-history":[{"count":1,"href":"https:\/\/www.unica.edu.pe\/noticias\/wp-json\/wp\/v2\/posts\/33246\/revisions"}],"predecessor-version":[{"id":33248,"href":"https:\/\/www.unica.edu.pe\/noticias\/wp-json\/wp\/v2\/posts\/33246\/revisions\/33248"}],"wp:attachment":[{"href":"https:\/\/www.unica.edu.pe\/noticias\/wp-json\/wp\/v2\/media?parent=33246"}],"wp:term":[{"taxonomy":"category","embeddable":true,"href":"https:\/\/www.unica.edu.pe\/noticias\/wp-json\/wp\/v2\/categories?post=33246"},{"taxonomy":"post_tag","embeddable":true,"href":"https:\/\/www.unica.edu.pe\/noticias\/wp-json\/wp\/v2\/tags?post=33246"}],"curies":[{"name":"wp","href":"https:\/\/api.w.org\/{rel}","templated":true}]}}