{"id":33243,"date":"2025-01-18T08:25:00","date_gmt":"2025-01-18T13:25:00","guid":{"rendered":"https:\/\/www.unica.edu.pe\/noticias\/?p=33243"},"modified":"2025-01-20T08:52:42","modified_gmt":"2025-01-20T13:52:42","slug":"la-facultad-de-psicologia-realizo-su-ceremonia-central-por-el-12o-aniversario-de-creacion","status":"publish","type":"post","link":"https:\/\/www.unica.edu.pe\/noticias\/2025\/01\/18\/la-facultad-de-psicologia-realizo-su-ceremonia-central-por-el-12o-aniversario-de-creacion\/","title":{"rendered":"LA FACULTAD DE PSICOLOG\u00cdA REALIZ\u00d3 SU CEREMONIA CENTRAL POR EL 12\u00ba ANIVERSARIO DE CREACI\u00d3N."},"content":{"rendered":"\n<p><a href=\"https:\/\/www.facebook.com\/hashtag\/facultaddepsicolog%C3%ADa?__eep__=6&amp;__cft__[0]=AZXo2zVZCil3WTbeljUgcklHYPg_XOWqMIoub2LFMXmz61KT0PeXY91dw1-y-Jxf8iknbT8e4-vUD78pJEy9WhGZ6kFNQ1ku9oOJJDe4DiFaDCFuk5qBXORqfmOR7jDdiejSgGrRuDG3JtegcCOBSsNlKqFU_zxj1cwZ9XcZiWxS8RexLJD6QiaPM9-tkHrnQSM&amp;__tn__=*NK-R\">#FacultaddePsicolog\u00eda<\/a> | La Facultad de Psicolog\u00eda realiz\u00f3 ayer viernes 17 la ceremonia central por el 12\u00ba aniversario de creaci\u00f3n. La ceremonia cont\u00f3 con la presencia del decano Dr. M\u00e1ximo Isaac Sevillano Diaz, docentes de la facultad y alumnos.<\/p>\n\n\n\n<p>Dentro de las actividades que desarrollaron en la ceremonia, se realiz\u00f3 un show de talentos donde participaron los alumnos de los diferentes ciclos acad\u00e9micos; tambi\u00e9n se realiz\u00f3 la bendici\u00f3n y entrega de chaquetas a los alumnos del <a><\/a>primer ciclo y otras actividades m\u00e1s.<\/p>\n\n\n\n<figure class=\"wp-block-image size-full\"><img loading=\"lazy\" decoding=\"async\" width=\"681\" height=\"679\" src=\"https:\/\/www.unica.edu.pe\/noticias\/wp-content\/uploads\/2025\/01\/image-127.png\" alt=\"\" class=\"wp-image-33244\" srcset=\"https:\/\/www.unica.edu.pe\/noticias\/wp-content\/uploads\/2025\/01\/image-127.png 681w, https:\/\/www.unica.edu.pe\/noticias\/wp-content\/uploads\/2025\/01\/image-127-300x300.png 300w, https:\/\/www.unica.edu.pe\/noticias\/wp-content\/uploads\/2025\/01\/image-127-150x150.png 150w, https:\/\/www.unica.edu.pe\/noticias\/wp-content\/uploads\/2025\/01\/image-127-100x100.png 100w\" sizes=\"auto, (max-width: 681px) 100vw, 681px\" \/><\/figure>\n","protected":false},"excerpt":{"rendered":"<p>#FacultaddePsicolog\u00eda | La Facultad de Psicolog\u00eda realiz\u00f3 ayer viernes 17 la ceremonia central por el 12\u00ba aniversario de creaci\u00f3n. La ceremonia cont\u00f3 con la presencia del decano Dr. M\u00e1ximo Isaac Sevillano Diaz, docentes de la facultad y alumnos. Dentro de las actividades que desarrollaron en la ceremonia, se realiz\u00f3 un show de talentos donde participaron &hellip; <\/p>\n<p class=\"link-more\"><a href=\"https:\/\/www.unica.edu.pe\/noticias\/2025\/01\/18\/la-facultad-de-psicologia-realizo-su-ceremonia-central-por-el-12o-aniversario-de-creacion\/\" class=\"more-link\">Continuar leyendo<span class=\"screen-reader-text\"> \u00abLA FACULTAD DE PSICOLOG\u00cdA REALIZ\u00d3 SU CEREMONIA CENTRAL POR EL 12\u00ba ANIVERSARIO DE CREACI\u00d3N.\u00bb<\/span><\/a><\/p>\n","protected":false},"author":4,"featured_media":0,"comment_status":"closed","ping_status":"open","sticky":false,"template":"","format":"standard","meta":{"footnotes":""},"categories":[12],"tags":[],"class_list":["post-33243","post","type-post","status-publish","format-standard","hentry","category-aniversarios"],"_links":{"self":[{"href":"https:\/\/www.unica.edu.pe\/noticias\/wp-json\/wp\/v2\/posts\/33243","targetHints":{"allow":["GET"]}}],"collection":[{"href":"https:\/\/www.unica.edu.pe\/noticias\/wp-json\/wp\/v2\/posts"}],"about":[{"href":"https:\/\/www.unica.edu.pe\/noticias\/wp-json\/wp\/v2\/types\/post"}],"author":[{"embeddable":true,"href":"https:\/\/www.unica.edu.pe\/noticias\/wp-json\/wp\/v2\/users\/4"}],"replies":[{"embeddable":true,"href":"https:\/\/www.unica.edu.pe\/noticias\/wp-json\/wp\/v2\/comments?post=33243"}],"version-history":[{"count":1,"href":"https:\/\/www.unica.edu.pe\/noticias\/wp-json\/wp\/v2\/posts\/33243\/revisions"}],"predecessor-version":[{"id":33245,"href":"https:\/\/www.unica.edu.pe\/noticias\/wp-json\/wp\/v2\/posts\/33243\/revisions\/33245"}],"wp:attachment":[{"href":"https:\/\/www.unica.edu.pe\/noticias\/wp-json\/wp\/v2\/media?parent=33243"}],"wp:term":[{"taxonomy":"category","embeddable":true,"href":"https:\/\/www.unica.edu.pe\/noticias\/wp-json\/wp\/v2\/categories?post=33243"},{"taxonomy":"post_tag","embeddable":true,"href":"https:\/\/www.unica.edu.pe\/noticias\/wp-json\/wp\/v2\/tags?post=33243"}],"curies":[{"name":"wp","href":"https:\/\/api.w.org\/{rel}","templated":true}]}}