{"id":32867,"date":"2024-12-28T14:55:00","date_gmt":"2024-12-28T19:55:00","guid":{"rendered":"https:\/\/www.unica.edu.pe\/noticias\/?p=32867"},"modified":"2025-01-02T08:45:09","modified_gmt":"2025-01-02T13:45:09","slug":"saludo-al-dr-hugo-ruben-marca-maquera-por-haber-sido-elegido-como-primer-rector-de-la-universidad-nacional-de-moquegua","status":"publish","type":"post","link":"https:\/\/www.unica.edu.pe\/noticias\/2024\/12\/28\/saludo-al-dr-hugo-ruben-marca-maquera-por-haber-sido-elegido-como-primer-rector-de-la-universidad-nacional-de-moquegua\/","title":{"rendered":"SALUDO AL DR HUGO RUBEN MARCA MAQUERA POR HABER SIDO ELEGIDO COMO PRIMER RECTOR DE LA  UNIVERSIDAD NACIONAL DE MOQUEGUA."},"content":{"rendered":"\n<p class=\"wp-block-paragraph\"><a href=\"https:\/\/www.facebook.com\/hashtag\/saludo?__eep__=6&amp;__cft__[0]=AZVjKS5cVvo8iEkz428MKOcxqhn2EpEbTTm96pvYqOiY-CZu0ZK2FPn_C3u0oyLjzYVSsyIVqnemTXVsAdmgJE9WatY5PG8Hl3zt6GaNrFjPSsoQZkdOC6pXxPHQAP-KFa2_lBbJ3OY5ENVhDFUMnPluBdDh09l8B4d6DYcEQNEFm5qhzUkm_gWWxmIcn7TCsEc&amp;__tn__=*NK-R\">#saludo<\/a> | Saludo del Dr. Dante Ferm\u00edn Calder\u00f3n Huaman\u00ed, rector de la \u201cUniversidad Nacional San Luis Gonzaga\u201d.<\/p>\n\n\n\n<p class=\"wp-block-paragraph\">A nombre de la Universidad Nacional San Luis Gonzaga, en mi condici\u00f3n de rector, quiero expresar mis m\u00e1s sinceros deseos de al Dr. Hugo Rub\u00e9n Marca Maquera, al haber sido elegido como primer rector de la Universidad Nacional de Moquegua.<\/p>\n\n\n\n<figure class=\"wp-block-image size-full\"><img loading=\"lazy\" decoding=\"async\" width=\"403\" height=\"404\" src=\"https:\/\/www.unica.edu.pe\/noticias\/wp-content\/uploads\/2025\/01\/image-4.png\" alt=\"\" class=\"wp-image-32868\" srcset=\"https:\/\/www.unica.edu.pe\/noticias\/wp-content\/uploads\/2025\/01\/image-4.png 403w, https:\/\/www.unica.edu.pe\/noticias\/wp-content\/uploads\/2025\/01\/image-4-300x300.png 300w, https:\/\/www.unica.edu.pe\/noticias\/wp-content\/uploads\/2025\/01\/image-4-150x150.png 150w, https:\/\/www.unica.edu.pe\/noticias\/wp-content\/uploads\/2025\/01\/image-4-100x100.png 100w\" sizes=\"auto, (max-width: 403px) 100vw, 403px\" \/><\/figure>\n","protected":false},"excerpt":{"rendered":"<p>#saludo | Saludo del Dr. Dante Ferm\u00edn Calder\u00f3n Huaman\u00ed, rector de la \u201cUniversidad Nacional San Luis Gonzaga\u201d. A nombre de la Universidad Nacional San Luis Gonzaga, en mi condici\u00f3n de rector, quiero expresar mis m\u00e1s sinceros deseos de al Dr. Hugo Rub\u00e9n Marca Maquera, al haber sido elegido como primer rector de la Universidad Nacional &hellip; <\/p>\n<p class=\"link-more\"><a href=\"https:\/\/www.unica.edu.pe\/noticias\/2024\/12\/28\/saludo-al-dr-hugo-ruben-marca-maquera-por-haber-sido-elegido-como-primer-rector-de-la-universidad-nacional-de-moquegua\/\" class=\"more-link\">Continuar leyendo<span class=\"screen-reader-text\"> \u00abSALUDO AL DR HUGO RUBEN MARCA MAQUERA POR HABER SIDO ELEGIDO COMO PRIMER RECTOR DE LA  UNIVERSIDAD NACIONAL DE MOQUEGUA.\u00bb<\/span><\/a><\/p>\n","protected":false},"author":4,"featured_media":0,"comment_status":"closed","ping_status":"open","sticky":false,"template":"","format":"standard","meta":{"footnotes":""},"categories":[13],"tags":[],"class_list":["post-32867","post","type-post","status-publish","format-standard","hentry","category-saludos-institucionales"],"_links":{"self":[{"href":"https:\/\/www.unica.edu.pe\/noticias\/wp-json\/wp\/v2\/posts\/32867","targetHints":{"allow":["GET"]}}],"collection":[{"href":"https:\/\/www.unica.edu.pe\/noticias\/wp-json\/wp\/v2\/posts"}],"about":[{"href":"https:\/\/www.unica.edu.pe\/noticias\/wp-json\/wp\/v2\/types\/post"}],"author":[{"embeddable":true,"href":"https:\/\/www.unica.edu.pe\/noticias\/wp-json\/wp\/v2\/users\/4"}],"replies":[{"embeddable":true,"href":"https:\/\/www.unica.edu.pe\/noticias\/wp-json\/wp\/v2\/comments?post=32867"}],"version-history":[{"count":1,"href":"https:\/\/www.unica.edu.pe\/noticias\/wp-json\/wp\/v2\/posts\/32867\/revisions"}],"predecessor-version":[{"id":32869,"href":"https:\/\/www.unica.edu.pe\/noticias\/wp-json\/wp\/v2\/posts\/32867\/revisions\/32869"}],"wp:attachment":[{"href":"https:\/\/www.unica.edu.pe\/noticias\/wp-json\/wp\/v2\/media?parent=32867"}],"wp:term":[{"taxonomy":"category","embeddable":true,"href":"https:\/\/www.unica.edu.pe\/noticias\/wp-json\/wp\/v2\/categories?post=32867"},{"taxonomy":"post_tag","embeddable":true,"href":"https:\/\/www.unica.edu.pe\/noticias\/wp-json\/wp\/v2\/tags?post=32867"}],"curies":[{"name":"wp","href":"https:\/\/api.w.org\/{rel}","templated":true}]}}