{"id":32759,"date":"2024-12-21T23:38:00","date_gmt":"2024-12-22T04:38:00","guid":{"rendered":"https:\/\/www.unica.edu.pe\/noticias\/?p=32759"},"modified":"2024-12-26T08:21:07","modified_gmt":"2024-12-26T13:21:07","slug":"imagenes-de-la-ceremonia-de-reconocimiento-a-los-personajes-ilustres-de-la-cultura-de-la-region-ica","status":"publish","type":"post","link":"https:\/\/www.unica.edu.pe\/noticias\/2024\/12\/21\/imagenes-de-la-ceremonia-de-reconocimiento-a-los-personajes-ilustres-de-la-cultura-de-la-region-ica\/","title":{"rendered":"IM\u00c1GENES DE LA CEREMONIA DE RECONOCIMIENTO A LOS PERSONAJES ILUSTRES DE LA CULTURA DE LA REGI\u00d3N ICA."},"content":{"rendered":"\n<p><a href=\"https:\/\/www.facebook.com\/hashtag\/ceremoniadereconocimiento?__eep__=6&amp;__cft__[0]=AZUoBk2ZkJe1mvJ-jNqIoTflKFIOHnLlxeqCjJ0GunHnqoCgmiUkFNB2PSaVu1evBtKhn0lIK0ICD0TdWzEDarT0dqD6My6VHoHTmv9zjC0CuqS_ozm3nAkHFreJ0W7FKoCmYCbfmY4O00Gy7wt_KdT3aoN18lgIpWehBDZziCIA2zk7WBNcjTd9N0qMXAoBS6Q&amp;__tn__=*NK-R\">#Ceremoniadereconocimiento<\/a> | El pasado jueves, la alta direcci\u00f3n de la Universidad Nacional \u201cSan Luis Gonzaga\u201d realiz\u00f3 la ceremonia de reconocimiento a los personajes ilustres de la cultura de la regi\u00f3n Ica.<\/p>\n\n\n\n<p>La ceremonia fue presidida por el rector Dr. Dante Calder\u00f3n Huaman\u00ed, el vicerrector acad\u00e9mico Dr. Jos\u00e9 Rojas Campos y la vicerrectora de investigaci\u00f3n Dra. Cecilia Uribe Quiroz.<\/p>\n\n\n\n<p><a href=\"https:\/\/www.facebook.com\/UnicaSLG\/posts\/pfbid0mxYjr2Dm5nRACFSZzeyHscotCT6b4m78MLwUZjQgMruj4iKbx6gn1wUXzU98Ck6El\">https:\/\/www.facebook.com\/UnicaSLG\/posts\/pfbid0mxYjr2Dm5nRACFSZzeyHscotCT6b4m78MLwUZjQgMruj4iKbx6gn1wUXzU98Ck6El<\/a><\/p>\n\n\n\n<figure class=\"wp-block-image size-full\"><img loading=\"lazy\" decoding=\"async\" width=\"675\" height=\"682\" src=\"https:\/\/www.unica.edu.pe\/noticias\/wp-content\/uploads\/2024\/12\/image-196.png\" alt=\"\" class=\"wp-image-32760\" srcset=\"https:\/\/www.unica.edu.pe\/noticias\/wp-content\/uploads\/2024\/12\/image-196.png 675w, https:\/\/www.unica.edu.pe\/noticias\/wp-content\/uploads\/2024\/12\/image-196-297x300.png 297w, https:\/\/www.unica.edu.pe\/noticias\/wp-content\/uploads\/2024\/12\/image-196-100x100.png 100w\" sizes=\"auto, (max-width: 675px) 100vw, 675px\" \/><\/figure>\n","protected":false},"excerpt":{"rendered":"<p>#Ceremoniadereconocimiento | El pasado jueves, la alta direcci\u00f3n de la Universidad Nacional \u201cSan Luis Gonzaga\u201d realiz\u00f3 la ceremonia de reconocimiento a los personajes ilustres de la cultura de la regi\u00f3n Ica. La ceremonia fue presidida por el rector Dr. Dante Calder\u00f3n Huaman\u00ed, el vicerrector acad\u00e9mico Dr. Jos\u00e9 Rojas Campos y la vicerrectora de investigaci\u00f3n Dra. &hellip; <\/p>\n<p class=\"link-more\"><a href=\"https:\/\/www.unica.edu.pe\/noticias\/2024\/12\/21\/imagenes-de-la-ceremonia-de-reconocimiento-a-los-personajes-ilustres-de-la-cultura-de-la-region-ica\/\" class=\"more-link\">Continuar leyendo<span class=\"screen-reader-text\"> \u00abIM\u00c1GENES DE LA CEREMONIA DE RECONOCIMIENTO A LOS PERSONAJES ILUSTRES DE LA CULTURA DE LA REGI\u00d3N ICA.\u00bb<\/span><\/a><\/p>\n","protected":false},"author":4,"featured_media":0,"comment_status":"closed","ping_status":"open","sticky":false,"template":"","format":"standard","meta":{"footnotes":""},"categories":[7],"tags":[],"class_list":["post-32759","post","type-post","status-publish","format-standard","hentry","category-noticias"],"_links":{"self":[{"href":"https:\/\/www.unica.edu.pe\/noticias\/wp-json\/wp\/v2\/posts\/32759","targetHints":{"allow":["GET"]}}],"collection":[{"href":"https:\/\/www.unica.edu.pe\/noticias\/wp-json\/wp\/v2\/posts"}],"about":[{"href":"https:\/\/www.unica.edu.pe\/noticias\/wp-json\/wp\/v2\/types\/post"}],"author":[{"embeddable":true,"href":"https:\/\/www.unica.edu.pe\/noticias\/wp-json\/wp\/v2\/users\/4"}],"replies":[{"embeddable":true,"href":"https:\/\/www.unica.edu.pe\/noticias\/wp-json\/wp\/v2\/comments?post=32759"}],"version-history":[{"count":1,"href":"https:\/\/www.unica.edu.pe\/noticias\/wp-json\/wp\/v2\/posts\/32759\/revisions"}],"predecessor-version":[{"id":32761,"href":"https:\/\/www.unica.edu.pe\/noticias\/wp-json\/wp\/v2\/posts\/32759\/revisions\/32761"}],"wp:attachment":[{"href":"https:\/\/www.unica.edu.pe\/noticias\/wp-json\/wp\/v2\/media?parent=32759"}],"wp:term":[{"taxonomy":"category","embeddable":true,"href":"https:\/\/www.unica.edu.pe\/noticias\/wp-json\/wp\/v2\/categories?post=32759"},{"taxonomy":"post_tag","embeddable":true,"href":"https:\/\/www.unica.edu.pe\/noticias\/wp-json\/wp\/v2\/tags?post=32759"}],"curies":[{"name":"wp","href":"https:\/\/api.w.org\/{rel}","templated":true}]}}