{"id":32720,"date":"2024-12-19T17:17:00","date_gmt":"2024-12-19T22:17:00","guid":{"rendered":"https:\/\/www.unica.edu.pe\/noticias\/?p=32720"},"modified":"2024-12-20T08:55:34","modified_gmt":"2024-12-20T13:55:34","slug":"la-direccion-de-incubadora-de-empresas-del-vicerrectorado-de-investigacion-se-llevo-acabo-19-de-diciembre-en-las-instalaciones-del-vri-una-sesion-titulada-fortalecimiento-de-capacidades-en-idie","status":"publish","type":"post","link":"https:\/\/www.unica.edu.pe\/noticias\/2024\/12\/19\/la-direccion-de-incubadora-de-empresas-del-vicerrectorado-de-investigacion-se-llevo-acabo-19-de-diciembre-en-las-instalaciones-del-vri-una-sesion-titulada-fortalecimiento-de-capacidades-en-idie\/","title":{"rendered":"LA DIRECCI\u00d3N DE INCUBADORA DE EMPRESAS DEL VICERRECTORADO DE INVESTIGACI\u00d3N SE LLEV\u00d3 ACABO 19 DE DICIEMBRE, EN LAS INSTALACIONES DEL VRI, UNA SESI\u00d3N TITULADA \u00abFORTALECIMIENTO DE CAPACIDADES EN I+D+i+e PARA ESTUDIANTES DE PREGRADO\u00bb."},"content":{"rendered":"\n<p><a href=\"https:\/\/www.facebook.com\/hashtag\/incubadoranodriza?__eep__=6&amp;__cft__[0]=AZXzhXQjTjq79g7CiLkt7fbJJKbBDUBzrbGSBE-qqd7v0rOO2urY1VHPSwyEccoYLyjv_W5ZZNZTJRELRoE62UWFmIR7u6TQoAiKwsjaqryn6vlxMCrtJ2dLBC3I3XS5TOt4xqvKZLbj0z_5LZhTg1je4IYftYsfm_svSZvXa2vejY1WCUOfzg5RvzcI7eS8pOj2b-Loqv0gq4peGlppEdICdPs2jmeG0DC1DLfgWnXIXQ&amp;__tn__=*NK-R\">#IncubadoraNodriza<\/a>| La Direcci\u00f3n de Incubadora de Empresas del Vicerrectorado de Investigaci\u00f3n llev\u00f3 a cabo hoy, 19 de diciembre, en las instalaciones del VRI, una sesi\u00f3n titulada \u00abFortalecimiento de capacidades en I+D+i+e para estudiantes de pregrado\u00bb. Este evento tuvo como prop\u00f3sito principal introducir a los estudiantes en los fundamentos de ciencia, tecnolog\u00eda e innovaci\u00f3n, promoviendo la investigaci\u00f3n, el desarrollo, la innovaci\u00f3n y el emprendimiento de base <a><\/a>tecnol\u00f3gica.<\/p>\n\n\n\n<p>Durante la sesi\u00f3n, se presentaron los servicios que ofrece la incubadora de empresas de la universidad, se explic\u00f3 detalladamente el proceso de transferencia tecnol\u00f3gica y se ejemplific\u00f3 con un caso pr\u00e1ctico sobre la creaci\u00f3n de una empresa de base tecnol\u00f3gica en el \u00e1mbito de la ingenier\u00eda mec\u00e1nica el\u00e9ctrica. La actividad culmin\u00f3 con una din\u00e1mica interactiva que permiti\u00f3 a los estudiantes aplicar los conocimientos adquiridos, fortaleciendo su aprendizaje y fomentando su participaci\u00f3n activa.<\/p>\n\n\n\n<p>En esta oportunidad, la sesi\u00f3n estuvo dirigida a estudiantes del primer ciclo de la Escuela Profesional de Ingenier\u00eda Mec\u00e1nica El\u00e9ctrica, quienes participaron activamente gracias a una previa coordinaci\u00f3n. El evento fue liderado por el director de la incubadora de empresas, el Ing. Gino Mora, quien facilit\u00f3 cada intervenci\u00f3n y garantiz\u00f3 el \u00e9xito de la jornada.<\/p>\n\n\n\n<p>Ma\u00f1ana, una nueva sesi\u00f3n ser\u00e1 dirigida a los estudiantes de la Escuela Acad\u00e9mica de Ingenier\u00eda Electr\u00f3nica. La Direcci\u00f3n de Incubadora de Empresas reafirma su compromiso con la formaci\u00f3n de capacidades y reitera su disposici\u00f3n para atender iniciativas de los docentes interesados en que sus estudiantes participen en estos eventos, los cuales ser\u00e1n gestionados a trav\u00e9s del Vicerrectorado de Investigaci\u00f3n.<\/p>\n\n\n\n<p><a href=\"https:\/\/www.facebook.com\/UnicaSLG\/posts\/pfbid0jbGUBPQFQYrYhwQqERsdWaarTUZMs2vD2uCAgxCWjZZEcNJwFsMByX4P3CfQpe1Cl\">https:\/\/www.facebook.com\/UnicaSLG\/posts\/pfbid0jbGUBPQFQYrYhwQqERsdWaarTUZMs2vD2uCAgxCWjZZEcNJwFsMByX4P3CfQpe1Cl<\/a><\/p>\n\n\n\n<figure class=\"wp-block-image size-full\"><img loading=\"lazy\" decoding=\"async\" width=\"653\" height=\"653\" src=\"https:\/\/www.unica.edu.pe\/noticias\/wp-content\/uploads\/2024\/12\/image-183.png\" alt=\"\" class=\"wp-image-32721\" srcset=\"https:\/\/www.unica.edu.pe\/noticias\/wp-content\/uploads\/2024\/12\/image-183.png 653w, https:\/\/www.unica.edu.pe\/noticias\/wp-content\/uploads\/2024\/12\/image-183-300x300.png 300w, https:\/\/www.unica.edu.pe\/noticias\/wp-content\/uploads\/2024\/12\/image-183-150x150.png 150w, https:\/\/www.unica.edu.pe\/noticias\/wp-content\/uploads\/2024\/12\/image-183-100x100.png 100w\" sizes=\"auto, (max-width: 653px) 100vw, 653px\" \/><\/figure>\n","protected":false},"excerpt":{"rendered":"<p>#IncubadoraNodriza| La Direcci\u00f3n de Incubadora de Empresas del Vicerrectorado de Investigaci\u00f3n llev\u00f3 a cabo hoy, 19 de diciembre, en las instalaciones del VRI, una sesi\u00f3n titulada \u00abFortalecimiento de capacidades en I+D+i+e para estudiantes de pregrado\u00bb. Este evento tuvo como prop\u00f3sito principal introducir a los estudiantes en los fundamentos de ciencia, tecnolog\u00eda e innovaci\u00f3n, promoviendo la &hellip; <\/p>\n<p class=\"link-more\"><a href=\"https:\/\/www.unica.edu.pe\/noticias\/2024\/12\/19\/la-direccion-de-incubadora-de-empresas-del-vicerrectorado-de-investigacion-se-llevo-acabo-19-de-diciembre-en-las-instalaciones-del-vri-una-sesion-titulada-fortalecimiento-de-capacidades-en-idie\/\" class=\"more-link\">Continuar leyendo<span class=\"screen-reader-text\"> \u00abLA DIRECCI\u00d3N DE INCUBADORA DE EMPRESAS DEL VICERRECTORADO DE INVESTIGACI\u00d3N SE LLEV\u00d3 ACABO 19 DE DICIEMBRE, EN LAS INSTALACIONES DEL VRI, UNA SESI\u00d3N TITULADA \u00abFORTALECIMIENTO DE CAPACIDADES EN I+D+i+e PARA ESTUDIANTES DE PREGRADO\u00bb.\u00bb<\/span><\/a><\/p>\n","protected":false},"author":4,"featured_media":0,"comment_status":"closed","ping_status":"open","sticky":false,"template":"","format":"standard","meta":{"footnotes":""},"categories":[7],"tags":[],"class_list":["post-32720","post","type-post","status-publish","format-standard","hentry","category-noticias"],"_links":{"self":[{"href":"https:\/\/www.unica.edu.pe\/noticias\/wp-json\/wp\/v2\/posts\/32720","targetHints":{"allow":["GET"]}}],"collection":[{"href":"https:\/\/www.unica.edu.pe\/noticias\/wp-json\/wp\/v2\/posts"}],"about":[{"href":"https:\/\/www.unica.edu.pe\/noticias\/wp-json\/wp\/v2\/types\/post"}],"author":[{"embeddable":true,"href":"https:\/\/www.unica.edu.pe\/noticias\/wp-json\/wp\/v2\/users\/4"}],"replies":[{"embeddable":true,"href":"https:\/\/www.unica.edu.pe\/noticias\/wp-json\/wp\/v2\/comments?post=32720"}],"version-history":[{"count":1,"href":"https:\/\/www.unica.edu.pe\/noticias\/wp-json\/wp\/v2\/posts\/32720\/revisions"}],"predecessor-version":[{"id":32722,"href":"https:\/\/www.unica.edu.pe\/noticias\/wp-json\/wp\/v2\/posts\/32720\/revisions\/32722"}],"wp:attachment":[{"href":"https:\/\/www.unica.edu.pe\/noticias\/wp-json\/wp\/v2\/media?parent=32720"}],"wp:term":[{"taxonomy":"category","embeddable":true,"href":"https:\/\/www.unica.edu.pe\/noticias\/wp-json\/wp\/v2\/categories?post=32720"},{"taxonomy":"post_tag","embeddable":true,"href":"https:\/\/www.unica.edu.pe\/noticias\/wp-json\/wp\/v2\/tags?post=32720"}],"curies":[{"name":"wp","href":"https:\/\/api.w.org\/{rel}","templated":true}]}}