{"id":32698,"date":"2024-12-18T11:00:00","date_gmt":"2024-12-18T16:00:00","guid":{"rendered":"https:\/\/www.unica.edu.pe\/noticias\/?p=32698"},"modified":"2024-12-18T14:37:41","modified_gmt":"2024-12-18T19:37:41","slug":"la-alta-direccion-direccion-de-bienestar-universitario-y-la-unidad-de-asistencia-social-hace-la-invitacion-al-almuerzo-especial-navideno","status":"publish","type":"post","link":"https:\/\/www.unica.edu.pe\/noticias\/2024\/12\/18\/la-alta-direccion-direccion-de-bienestar-universitario-y-la-unidad-de-asistencia-social-hace-la-invitacion-al-almuerzo-especial-navideno\/","title":{"rendered":"LA ALTA DIRECCI\u00d3N, DIRECCI\u00d3N DE BIENESTAR UNIVERSITARIO Y LA UNIDAD DE ASISTENCIA SOCIAL HACE LA INVITACI\u00d3N AL ALMUERZO ESPECIAL NAVIDE\u00d1O."},"content":{"rendered":"\n<p><a href=\"https:\/\/www.facebook.com\/hashtag\/bienestaruniversitario?__eep__=6&amp;__cft__[0]=AZU0vKGlLlR073Au3QQl_Ly1IRyxu5YLA9MOqMU3C8ylJTWjspOGSKnnGW_mV5Jri-LZgdiqtYkMzXoSA7wQFaHNYSMS8yvuyssTMa2Y1z-tXy0fuct6RUONfBuiS5WfuyxBoqulVIPySUKRrXvyjNazsM96rlOhcmGtINd2l74y52qPgsEnNcgK14_2TPeQyyU&amp;__tn__=*NK-R\">#BienestarUniversitario<\/a> | <img loading=\"lazy\" decoding=\"async\" height=\"16\" width=\"16\" alt=\"\ud83c\udf84\" src=\"https:\/\/static.xx.fbcdn.net\/images\/emoji.php\/v9\/t7\/1\/16\/1f384.png\"> \u00a1Celebra la Navidad con nosotros, hermanos comensales! <img loading=\"lazy\" decoding=\"async\" height=\"16\" width=\"16\" alt=\"\ud83c\udf84\" src=\"https:\/\/static.xx.fbcdn.net\/images\/emoji.php\/v9\/t7\/1\/16\/1f384.png\"><\/p>\n\n\n\n<p>Bajo los lineamientos del Rector de la Universidad Nacional \u00abSan Luis Gonzaga\u00bb, Dr. Dante Calder\u00f3n Huamani, te invitamos a disfrutar de un Almuerzo y Compartir Navide\u00f1o.<\/p>\n\n\n\n<p><img loading=\"lazy\" decoding=\"async\" height=\"16\" width=\"16\" alt=\"\ud83d\udcc5\" src=\"https:\/\/static.xx.fbcdn.net\/images\/emoji.php\/v9\/t7e\/1\/16\/1f4c5.png\"> Fecha: 20 de diciembre<\/p>\n\n\n\n<p><img loading=\"lazy\" decoding=\"async\" height=\"16\" width=\"16\" alt=\"\ud83d\udd5b\" src=\"https:\/\/static.xx.fbcdn.net\/images\/emoji.php\/v9\/tda\/1\/16\/1f55b.png\"><a><\/a>Hora: De 12:00 a 02:00 p.m.<\/p>\n\n\n\n<p><img loading=\"lazy\" decoding=\"async\" height=\"16\" width=\"16\" alt=\"\ud83d\udccd\" src=\"https:\/\/static.xx.fbcdn.net\/images\/emoji.php\/v9\/t2d\/1\/16\/1f4cd.png\"> Lugar: Comedor Universitario<\/p>\n\n\n\n<p>Organizado por la Alta Direcci\u00f3n, la Direcci\u00f3n de Bienestar Universitario, la Unidad de Asistencia Social y los estudiantes comensales.<\/p>\n\n\n\n<p><img loading=\"lazy\" decoding=\"async\" height=\"16\" width=\"16\" alt=\"\ud83c\udf81\" src=\"https:\/\/static.xx.fbcdn.net\/images\/emoji.php\/v9\/t84\/1\/16\/1f381.png\"> \u00a1Ven y disfruta, hermano comensal! <img loading=\"lazy\" decoding=\"async\" height=\"16\" width=\"16\" alt=\"\ud83c\udf81\" src=\"https:\/\/static.xx.fbcdn.net\/images\/emoji.php\/v9\/t84\/1\/16\/1f381.png\"><\/p>\n\n\n\n<p><a href=\"https:\/\/www.facebook.com\/hashtag\/navidad?__eep__=6&amp;__cft__[0]=AZU0vKGlLlR073Au3QQl_Ly1IRyxu5YLA9MOqMU3C8ylJTWjspOGSKnnGW_mV5Jri-LZgdiqtYkMzXoSA7wQFaHNYSMS8yvuyssTMa2Y1z-tXy0fuct6RUONfBuiS5WfuyxBoqulVIPySUKRrXvyjNazsM96rlOhcmGtINd2l74y52qPgsEnNcgK14_2TPeQyyU&amp;__tn__=*NK-R\">#Navidad<\/a><a href=\"https:\/\/www.facebook.com\/hashtag\/almuerzoycompartirnavide%C3%B1o?__eep__=6&amp;__cft__[0]=AZU0vKGlLlR073Au3QQl_Ly1IRyxu5YLA9MOqMU3C8ylJTWjspOGSKnnGW_mV5Jri-LZgdiqtYkMzXoSA7wQFaHNYSMS8yvuyssTMa2Y1z-tXy0fuct6RUONfBuiS5WfuyxBoqulVIPySUKRrXvyjNazsM96rlOhcmGtINd2l74y52qPgsEnNcgK14_2TPeQyyU&amp;__tn__=*NK-R\">#AlmuerzoYCompartirNavide\u00f1o<\/a><a href=\"https:\/\/www.facebook.com\/hashtag\/unslg?__eep__=6&amp;__cft__[0]=AZU0vKGlLlR073Au3QQl_Ly1IRyxu5YLA9MOqMU3C8ylJTWjspOGSKnnGW_mV5Jri-LZgdiqtYkMzXoSA7wQFaHNYSMS8yvuyssTMa2Y1z-tXy0fuct6RUONfBuiS5WfuyxBoqulVIPySUKRrXvyjNazsM96rlOhcmGtINd2l74y52qPgsEnNcgK14_2TPeQyyU&amp;__tn__=*NK-R\">#UNSLG<\/a><a href=\"https:\/\/www.facebook.com\/hashtag\/comunidaduniversitaria?__eep__=6&amp;__cft__[0]=AZU0vKGlLlR073Au3QQl_Ly1IRyxu5YLA9MOqMU3C8ylJTWjspOGSKnnGW_mV5Jri-LZgdiqtYkMzXoSA7wQFaHNYSMS8yvuyssTMa2Y1z-tXy0fuct6RUONfBuiS5WfuyxBoqulVIPySUKRrXvyjNazsM96rlOhcmGtINd2l74y52qPgsEnNcgK14_2TPeQyyU&amp;__tn__=*NK-R\">#ComunidadUniversitaria<\/a><a href=\"https:\/\/www.facebook.com\/hashtag\/hermanocomensal?__eep__=6&amp;__cft__[0]=AZU0vKGlLlR073Au3QQl_Ly1IRyxu5YLA9MOqMU3C8ylJTWjspOGSKnnGW_mV5Jri-LZgdiqtYkMzXoSA7wQFaHNYSMS8yvuyssTMa2Y1z-tXy0fuct6RUONfBuiS5WfuyxBoqulVIPySUKRrXvyjNazsM96rlOhcmGtINd2l74y52qPgsEnNcgK14_2TPeQyyU&amp;__tn__=*NK-R\">#HermanoComensal<\/a><a href=\"https:\/\/www.facebook.com\/hashtag\/navidadenlauniversidad?__eep__=6&amp;__cft__[0]=AZU0vKGlLlR073Au3QQl_Ly1IRyxu5YLA9MOqMU3C8ylJTWjspOGSKnnGW_mV5Jri-LZgdiqtYkMzXoSA7wQFaHNYSMS8yvuyssTMa2Y1z-tXy0fuct6RUONfBuiS5WfuyxBoqulVIPySUKRrXvyjNazsM96rlOhcmGtINd2l74y52qPgsEnNcgK14_2TPeQyyU&amp;__tn__=*NK-R\">#NavidadEnLaUniversidad<\/a><\/p>\n\n\n\n<figure class=\"wp-block-image size-full\"><img loading=\"lazy\" decoding=\"async\" width=\"509\" height=\"720\" src=\"https:\/\/www.unica.edu.pe\/noticias\/wp-content\/uploads\/2024\/12\/image-176.png\" alt=\"\" class=\"wp-image-32699\" srcset=\"https:\/\/www.unica.edu.pe\/noticias\/wp-content\/uploads\/2024\/12\/image-176.png 509w, https:\/\/www.unica.edu.pe\/noticias\/wp-content\/uploads\/2024\/12\/image-176-212x300.png 212w\" sizes=\"auto, (max-width: 509px) 100vw, 509px\" \/><\/figure>\n","protected":false},"excerpt":{"rendered":"<p>#BienestarUniversitario | \u00a1Celebra la Navidad con nosotros, hermanos comensales! Bajo los lineamientos del Rector de la Universidad Nacional \u00abSan Luis Gonzaga\u00bb, Dr. Dante Calder\u00f3n Huamani, te invitamos a disfrutar de un Almuerzo y Compartir Navide\u00f1o. Fecha: 20 de diciembre Hora: De 12:00 a 02:00 p.m. Lugar: Comedor Universitario Organizado por la Alta Direcci\u00f3n, la Direcci\u00f3n &hellip; <\/p>\n<p class=\"link-more\"><a href=\"https:\/\/www.unica.edu.pe\/noticias\/2024\/12\/18\/la-alta-direccion-direccion-de-bienestar-universitario-y-la-unidad-de-asistencia-social-hace-la-invitacion-al-almuerzo-especial-navideno\/\" class=\"more-link\">Continuar leyendo<span class=\"screen-reader-text\"> \u00abLA ALTA DIRECCI\u00d3N, DIRECCI\u00d3N DE BIENESTAR UNIVERSITARIO Y LA UNIDAD DE ASISTENCIA SOCIAL HACE LA INVITACI\u00d3N AL ALMUERZO ESPECIAL NAVIDE\u00d1O.\u00bb<\/span><\/a><\/p>\n","protected":false},"author":4,"featured_media":0,"comment_status":"closed","ping_status":"open","sticky":false,"template":"","format":"standard","meta":{"footnotes":""},"categories":[7],"tags":[],"class_list":["post-32698","post","type-post","status-publish","format-standard","hentry","category-noticias"],"_links":{"self":[{"href":"https:\/\/www.unica.edu.pe\/noticias\/wp-json\/wp\/v2\/posts\/32698","targetHints":{"allow":["GET"]}}],"collection":[{"href":"https:\/\/www.unica.edu.pe\/noticias\/wp-json\/wp\/v2\/posts"}],"about":[{"href":"https:\/\/www.unica.edu.pe\/noticias\/wp-json\/wp\/v2\/types\/post"}],"author":[{"embeddable":true,"href":"https:\/\/www.unica.edu.pe\/noticias\/wp-json\/wp\/v2\/users\/4"}],"replies":[{"embeddable":true,"href":"https:\/\/www.unica.edu.pe\/noticias\/wp-json\/wp\/v2\/comments?post=32698"}],"version-history":[{"count":1,"href":"https:\/\/www.unica.edu.pe\/noticias\/wp-json\/wp\/v2\/posts\/32698\/revisions"}],"predecessor-version":[{"id":32700,"href":"https:\/\/www.unica.edu.pe\/noticias\/wp-json\/wp\/v2\/posts\/32698\/revisions\/32700"}],"wp:attachment":[{"href":"https:\/\/www.unica.edu.pe\/noticias\/wp-json\/wp\/v2\/media?parent=32698"}],"wp:term":[{"taxonomy":"category","embeddable":true,"href":"https:\/\/www.unica.edu.pe\/noticias\/wp-json\/wp\/v2\/categories?post=32698"},{"taxonomy":"post_tag","embeddable":true,"href":"https:\/\/www.unica.edu.pe\/noticias\/wp-json\/wp\/v2\/tags?post=32698"}],"curies":[{"name":"wp","href":"https:\/\/api.w.org\/{rel}","templated":true}]}}