{"id":32680,"date":"2024-12-18T11:35:00","date_gmt":"2024-12-18T16:35:00","guid":{"rendered":"https:\/\/www.unica.edu.pe\/noticias\/?p=32680"},"modified":"2024-12-18T13:39:34","modified_gmt":"2024-12-18T18:39:34","slug":"invitacion-a-ceremonia-de-reconocimiento","status":"publish","type":"post","link":"https:\/\/www.unica.edu.pe\/noticias\/2024\/12\/18\/invitacion-a-ceremonia-de-reconocimiento\/","title":{"rendered":"INVITACI\u00d3N A CEREMONIA DE RECONOCIMIENTO."},"content":{"rendered":"\n<p><a href=\"https:\/\/www.facebook.com\/hashtag\/ceremoniadereconocimiento?__eep__=6&amp;__cft__[0]=AZXx33pa2cRdCnFJk-bcJRiONovbFTwkS3Vh0PJmN4q4Pk4R9bDC9XMeqlgEDnwv7QApYr2mcZZ6v1GZ2Pq9DhUmTRrvdl3bMwcrCXB8O9FOP3m2TK0M8OwxRHALX1Zt8hUykZI7YUmyn3RDAKsfb3jVSXevP5Oooq2VI-O8PX25ckILBnHzLMdLjkd1nPR3O9Y&amp;__tn__=*NK-R\">#Ceremoniadereconocimiento<\/a> | La Alta Direcci\u00f3n de la Universidad Nacional \u201cSan Luis Gonzaga\u201d tiene el honor de invitar a los integrantes de la comunidad universitaria y al p\u00fablico en general a la:<\/p>\n\n\n\n<p>Ceremonia de reconocimiento a los personajes ilustres de la cultura de la regi\u00f3n Ica.<\/p>\n\n\n\n<p>Jueves 19 de diciembre.<\/p>\n\n\n\n<p>10:00 am.<\/p>\n\n\n\n<p><a><\/a>Auditorio Ra\u00fal Porras Barrenechea.<\/p>\n\n\n\n<figure class=\"wp-block-image size-full\"><img loading=\"lazy\" decoding=\"async\" width=\"514\" height=\"720\" src=\"https:\/\/www.unica.edu.pe\/noticias\/wp-content\/uploads\/2024\/12\/image-170.png\" alt=\"\" class=\"wp-image-32681\" srcset=\"https:\/\/www.unica.edu.pe\/noticias\/wp-content\/uploads\/2024\/12\/image-170.png 514w, https:\/\/www.unica.edu.pe\/noticias\/wp-content\/uploads\/2024\/12\/image-170-214x300.png 214w\" sizes=\"auto, (max-width: 514px) 100vw, 514px\" \/><\/figure>\n","protected":false},"excerpt":{"rendered":"<p>#Ceremoniadereconocimiento | La Alta Direcci\u00f3n de la Universidad Nacional \u201cSan Luis Gonzaga\u201d tiene el honor de invitar a los integrantes de la comunidad universitaria y al p\u00fablico en general a la: Ceremonia de reconocimiento a los personajes ilustres de la cultura de la regi\u00f3n Ica. Jueves 19 de diciembre. 10:00 am. Auditorio Ra\u00fal Porras Barrenechea.<\/p>\n","protected":false},"author":4,"featured_media":0,"comment_status":"closed","ping_status":"open","sticky":false,"template":"","format":"standard","meta":{"footnotes":""},"categories":[7],"tags":[],"class_list":["post-32680","post","type-post","status-publish","format-standard","hentry","category-noticias"],"_links":{"self":[{"href":"https:\/\/www.unica.edu.pe\/noticias\/wp-json\/wp\/v2\/posts\/32680","targetHints":{"allow":["GET"]}}],"collection":[{"href":"https:\/\/www.unica.edu.pe\/noticias\/wp-json\/wp\/v2\/posts"}],"about":[{"href":"https:\/\/www.unica.edu.pe\/noticias\/wp-json\/wp\/v2\/types\/post"}],"author":[{"embeddable":true,"href":"https:\/\/www.unica.edu.pe\/noticias\/wp-json\/wp\/v2\/users\/4"}],"replies":[{"embeddable":true,"href":"https:\/\/www.unica.edu.pe\/noticias\/wp-json\/wp\/v2\/comments?post=32680"}],"version-history":[{"count":1,"href":"https:\/\/www.unica.edu.pe\/noticias\/wp-json\/wp\/v2\/posts\/32680\/revisions"}],"predecessor-version":[{"id":32682,"href":"https:\/\/www.unica.edu.pe\/noticias\/wp-json\/wp\/v2\/posts\/32680\/revisions\/32682"}],"wp:attachment":[{"href":"https:\/\/www.unica.edu.pe\/noticias\/wp-json\/wp\/v2\/media?parent=32680"}],"wp:term":[{"taxonomy":"category","embeddable":true,"href":"https:\/\/www.unica.edu.pe\/noticias\/wp-json\/wp\/v2\/categories?post=32680"},{"taxonomy":"post_tag","embeddable":true,"href":"https:\/\/www.unica.edu.pe\/noticias\/wp-json\/wp\/v2\/tags?post=32680"}],"curies":[{"name":"wp","href":"https:\/\/api.w.org\/{rel}","templated":true}]}}