{"id":31187,"date":"2024-10-15T08:20:00","date_gmt":"2024-10-15T13:20:00","guid":{"rendered":"https:\/\/www.unica.edu.pe\/noticias\/?p=31187"},"modified":"2024-10-25T14:06:46","modified_gmt":"2024-10-25T19:06:46","slug":"condolencia","status":"publish","type":"post","link":"https:\/\/www.unica.edu.pe\/noticias\/2024\/10\/15\/condolencia\/","title":{"rendered":"CONDOLENCIA"},"content":{"rendered":"\n<p><img loading=\"lazy\" decoding=\"async\" height=\"16\" width=\"16\" src=\"https:\/\/static.xx.fbcdn.net\/images\/emoji.php\/v9\/t81\/1\/16\/271d.png\" alt=\"\u271d\ufe0f\">CONDOLENCIAS<img loading=\"lazy\" decoding=\"async\" height=\"16\" width=\"16\" src=\"https:\/\/static.xx.fbcdn.net\/images\/emoji.php\/v9\/t81\/1\/16\/271d.png\" alt=\"\u271d\ufe0f\"> | La Universidad Nacional \u201cSan Luis Gonzaga\u201d, expresa las m\u00e1s sentidas condolencias a la trabajadora administrativa Patricia Josefina Garc\u00eda Tipacti, por la irreparable p\u00e9rdida de su hijo, quien en vida fue: Eduardo Machain Garc\u00eda.<\/p>\n\n\n\n<figure class=\"wp-block-image size-full\"><img loading=\"lazy\" decoding=\"async\" width=\"552\" height=\"522\" src=\"https:\/\/www.unica.edu.pe\/noticias\/wp-content\/uploads\/2024\/10\/155-1.jpg\" alt=\"\" class=\"wp-image-31188\" srcset=\"https:\/\/www.unica.edu.pe\/noticias\/wp-content\/uploads\/2024\/10\/155-1.jpg 552w, https:\/\/www.unica.edu.pe\/noticias\/wp-content\/uploads\/2024\/10\/155-1-300x284.jpg 300w\" sizes=\"auto, (max-width: 552px) 100vw, 552px\" \/><\/figure>\n","protected":false},"excerpt":{"rendered":"<p>CONDOLENCIAS | La Universidad Nacional \u201cSan Luis Gonzaga\u201d, expresa las m\u00e1s sentidas condolencias a la trabajadora administrativa Patricia Josefina Garc\u00eda Tipacti, por la irreparable p\u00e9rdida de su hijo, quien en vida fue: Eduardo Machain Garc\u00eda.<\/p>\n","protected":false},"author":4,"featured_media":0,"comment_status":"closed","ping_status":"open","sticky":false,"template":"","format":"standard","meta":{"footnotes":""},"categories":[9],"tags":[],"class_list":["post-31187","post","type-post","status-publish","format-standard","hentry","category-condolencias"],"_links":{"self":[{"href":"https:\/\/www.unica.edu.pe\/noticias\/wp-json\/wp\/v2\/posts\/31187","targetHints":{"allow":["GET"]}}],"collection":[{"href":"https:\/\/www.unica.edu.pe\/noticias\/wp-json\/wp\/v2\/posts"}],"about":[{"href":"https:\/\/www.unica.edu.pe\/noticias\/wp-json\/wp\/v2\/types\/post"}],"author":[{"embeddable":true,"href":"https:\/\/www.unica.edu.pe\/noticias\/wp-json\/wp\/v2\/users\/4"}],"replies":[{"embeddable":true,"href":"https:\/\/www.unica.edu.pe\/noticias\/wp-json\/wp\/v2\/comments?post=31187"}],"version-history":[{"count":1,"href":"https:\/\/www.unica.edu.pe\/noticias\/wp-json\/wp\/v2\/posts\/31187\/revisions"}],"predecessor-version":[{"id":31189,"href":"https:\/\/www.unica.edu.pe\/noticias\/wp-json\/wp\/v2\/posts\/31187\/revisions\/31189"}],"wp:attachment":[{"href":"https:\/\/www.unica.edu.pe\/noticias\/wp-json\/wp\/v2\/media?parent=31187"}],"wp:term":[{"taxonomy":"category","embeddable":true,"href":"https:\/\/www.unica.edu.pe\/noticias\/wp-json\/wp\/v2\/categories?post=31187"},{"taxonomy":"post_tag","embeddable":true,"href":"https:\/\/www.unica.edu.pe\/noticias\/wp-json\/wp\/v2\/tags?post=31187"}],"curies":[{"name":"wp","href":"https:\/\/api.w.org\/{rel}","templated":true}]}}