{"id":31184,"date":"2024-10-15T08:10:00","date_gmt":"2024-10-15T13:10:00","guid":{"rendered":"https:\/\/www.unica.edu.pe\/noticias\/?p=31184"},"modified":"2024-10-25T14:03:25","modified_gmt":"2024-10-25T19:03:25","slug":"inauguracion-de-la-exposicion-de-la-muestra-de-arte-huellas-de-mar-y-arenas","status":"publish","type":"post","link":"https:\/\/www.unica.edu.pe\/noticias\/2024\/10\/15\/inauguracion-de-la-exposicion-de-la-muestra-de-arte-huellas-de-mar-y-arenas\/","title":{"rendered":"Inauguraci\u00f3n de la exposici\u00f3n de la muestra de arte: \u00abHuellas de Mar y Arenas\u00bb"},"content":{"rendered":"\n<p><a href=\"https:\/\/www.facebook.com\/hashtag\/muestradearte?__eep__=6&amp;__cft__[0]=AZVRMv9NzmminY78cmR6xXbi3m1PQvX49lq31cmHgpCKrtMS-CgYzyJM1uK7XGox1dzosDfBI64cLXSWn4nk0TkHoP3TsX5QWYPivv7nnEK1Ndar4NBFxMN1L1yrN0lGC5wwSmc7aysta6C96QYyPFu1DCFIMQdZjhDF6CZJoYnrhjpQ_fpTfnWyZACROMejRQW53b8PPhnnUUt4-tRQXXLW&amp;__tn__=*NK-R\">#MuestradeArte<\/a> | Inauguraci\u00f3n de la exposici\u00f3n de la muestra de arte: \u00abHuellas de Mar y Arenas\u00bb esta muestra es organizada por la Direcci\u00f3n de Responsabilidad Social Universitaria, Proyecci\u00f3n Social y Extensi\u00f3n Cultural.<\/p>\n\n\n\n<p><a href=\"https:\/\/www.facebook.com\/UnicaSLG\/videos\/1266831218077298\">https:\/\/www.facebook.com\/UnicaSLG\/videos\/1266831218077298<\/a> <\/p>\n\n\n\n<figure class=\"wp-block-image size-full\"><img loading=\"lazy\" decoding=\"async\" width=\"572\" height=\"322\" src=\"https:\/\/www.unica.edu.pe\/noticias\/wp-content\/uploads\/2024\/10\/154-3.png\" alt=\"\" class=\"wp-image-31185\" srcset=\"https:\/\/www.unica.edu.pe\/noticias\/wp-content\/uploads\/2024\/10\/154-3.png 572w, https:\/\/www.unica.edu.pe\/noticias\/wp-content\/uploads\/2024\/10\/154-3-300x169.png 300w\" sizes=\"auto, (max-width: 572px) 100vw, 572px\" \/><\/figure>\n","protected":false},"excerpt":{"rendered":"<p>#MuestradeArte | Inauguraci\u00f3n de la exposici\u00f3n de la muestra de arte: \u00abHuellas de Mar y Arenas\u00bb esta muestra es organizada por la Direcci\u00f3n de Responsabilidad Social Universitaria, Proyecci\u00f3n Social y Extensi\u00f3n Cultural. https:\/\/www.facebook.com\/UnicaSLG\/videos\/1266831218077298<\/p>\n","protected":false},"author":4,"featured_media":0,"comment_status":"closed","ping_status":"open","sticky":false,"template":"","format":"standard","meta":{"footnotes":""},"categories":[28],"tags":[],"class_list":["post-31184","post","type-post","status-publish","format-standard","hentry","category-transmisiones-en-vivo"],"_links":{"self":[{"href":"https:\/\/www.unica.edu.pe\/noticias\/wp-json\/wp\/v2\/posts\/31184","targetHints":{"allow":["GET"]}}],"collection":[{"href":"https:\/\/www.unica.edu.pe\/noticias\/wp-json\/wp\/v2\/posts"}],"about":[{"href":"https:\/\/www.unica.edu.pe\/noticias\/wp-json\/wp\/v2\/types\/post"}],"author":[{"embeddable":true,"href":"https:\/\/www.unica.edu.pe\/noticias\/wp-json\/wp\/v2\/users\/4"}],"replies":[{"embeddable":true,"href":"https:\/\/www.unica.edu.pe\/noticias\/wp-json\/wp\/v2\/comments?post=31184"}],"version-history":[{"count":1,"href":"https:\/\/www.unica.edu.pe\/noticias\/wp-json\/wp\/v2\/posts\/31184\/revisions"}],"predecessor-version":[{"id":31186,"href":"https:\/\/www.unica.edu.pe\/noticias\/wp-json\/wp\/v2\/posts\/31184\/revisions\/31186"}],"wp:attachment":[{"href":"https:\/\/www.unica.edu.pe\/noticias\/wp-json\/wp\/v2\/media?parent=31184"}],"wp:term":[{"taxonomy":"category","embeddable":true,"href":"https:\/\/www.unica.edu.pe\/noticias\/wp-json\/wp\/v2\/categories?post=31184"},{"taxonomy":"post_tag","embeddable":true,"href":"https:\/\/www.unica.edu.pe\/noticias\/wp-json\/wp\/v2\/tags?post=31184"}],"curies":[{"name":"wp","href":"https:\/\/api.w.org\/{rel}","templated":true}]}}