{"id":29619,"date":"2024-07-09T11:10:00","date_gmt":"2024-07-09T16:10:00","guid":{"rendered":"https:\/\/www.unica.edu.pe\/noticias\/?p=29619"},"modified":"2024-07-30T14:38:59","modified_gmt":"2024-07-30T19:38:59","slug":"investigador-renacyt-concytec-de-nivel-vii","status":"publish","type":"post","link":"https:\/\/www.unica.edu.pe\/noticias\/2024\/07\/09\/investigador-renacyt-concytec-de-nivel-vii\/","title":{"rendered":"INVESTIGADOR RENACYT CONCYTEC DE NIVEL VII"},"content":{"rendered":"\n<p class=\"wp-block-paragraph\"><a href=\"https:\/\/www.facebook.com\/hashtag\/vicerrectoradoinvestigaci%C3%B3n?__eep__=6&amp;__cft__[0]=AZUR6KSl31Bk0eKOsx4V_ofJ0sbhkFNmZXYiaMiLw7JGyKNf1NezQeHVexAUdTjpUHkiiPYdgjmZRKwf_0d_pJHSBJBNPom_LNk6gktleb0tPAPfd2j2wvLreAvPU5xLl1J8n6CFZ-PzAus4eKNWTpgAIWmawY3-iyn-1H0iwOfoeiRcUq4cS_47QiNdI05cRN_JPDXlo3RRoUiMVaQwTjdR&amp;__tn__=*NK-R\">#VicerrectoradoInvestigaci\u00f3n<\/a> | El vicerrector de investigaci\u00f3n, Dr. Dante Calder\u00f3n Huaman\u00ed, entreg\u00f3 la resoluci\u00f3n vicerrectoral N\u00ba. 126-VRI-UNICA-2024 al estudiante de la facultad de Medicina Humana, Wagner Rogger R\u00edos Garc\u00eda, en reconocimiento como investigador Renacyt CONCYTEC de nivel VII y por su desarrollo de trabajos de investigaci\u00f3n publicados en revistas indexadas a nivel nacional e internacional.<\/p>\n\n\n\n<p class=\"wp-block-paragraph\"><a href=\"https:\/\/www.facebook.com\/UnicaSLG\/videos\/467162949448685\">https:\/\/www.facebook.com\/UnicaSLG\/videos\/467162949448685<\/a><\/p>\n\n\n\n<figure class=\"wp-block-image size-full\"><img loading=\"lazy\" decoding=\"async\" width=\"564\" height=\"315\" src=\"https:\/\/www.unica.edu.pe\/noticias\/wp-content\/uploads\/2024\/07\/image-41.png\" alt=\"\" class=\"wp-image-29620\" srcset=\"https:\/\/www.unica.edu.pe\/noticias\/wp-content\/uploads\/2024\/07\/image-41.png 564w, https:\/\/www.unica.edu.pe\/noticias\/wp-content\/uploads\/2024\/07\/image-41-300x168.png 300w\" sizes=\"auto, (max-width: 564px) 100vw, 564px\" \/><\/figure>\n\n\n\n<p class=\"wp-block-paragraph\"><br><br><br><br><br><br><\/p>\n","protected":false},"excerpt":{"rendered":"<p>#VicerrectoradoInvestigaci\u00f3n | El vicerrector de investigaci\u00f3n, Dr. Dante Calder\u00f3n Huaman\u00ed, entreg\u00f3 la resoluci\u00f3n vicerrectoral N\u00ba. 126-VRI-UNICA-2024 al estudiante de la facultad de Medicina Humana, Wagner Rogger R\u00edos Garc\u00eda, en reconocimiento como investigador Renacyt CONCYTEC de nivel VII y por su desarrollo de trabajos de investigaci\u00f3n publicados en revistas indexadas a nivel nacional e internacional. https:\/\/www.facebook.com\/UnicaSLG\/videos\/467162949448685<\/p>\n","protected":false},"author":4,"featured_media":0,"comment_status":"closed","ping_status":"open","sticky":false,"template":"","format":"standard","meta":{"footnotes":""},"categories":[17],"tags":[],"class_list":["post-29619","post","type-post","status-publish","format-standard","hentry","category-vicerrectorado-de-investigacion"],"_links":{"self":[{"href":"https:\/\/www.unica.edu.pe\/noticias\/wp-json\/wp\/v2\/posts\/29619","targetHints":{"allow":["GET"]}}],"collection":[{"href":"https:\/\/www.unica.edu.pe\/noticias\/wp-json\/wp\/v2\/posts"}],"about":[{"href":"https:\/\/www.unica.edu.pe\/noticias\/wp-json\/wp\/v2\/types\/post"}],"author":[{"embeddable":true,"href":"https:\/\/www.unica.edu.pe\/noticias\/wp-json\/wp\/v2\/users\/4"}],"replies":[{"embeddable":true,"href":"https:\/\/www.unica.edu.pe\/noticias\/wp-json\/wp\/v2\/comments?post=29619"}],"version-history":[{"count":1,"href":"https:\/\/www.unica.edu.pe\/noticias\/wp-json\/wp\/v2\/posts\/29619\/revisions"}],"predecessor-version":[{"id":29621,"href":"https:\/\/www.unica.edu.pe\/noticias\/wp-json\/wp\/v2\/posts\/29619\/revisions\/29621"}],"wp:attachment":[{"href":"https:\/\/www.unica.edu.pe\/noticias\/wp-json\/wp\/v2\/media?parent=29619"}],"wp:term":[{"taxonomy":"category","embeddable":true,"href":"https:\/\/www.unica.edu.pe\/noticias\/wp-json\/wp\/v2\/categories?post=29619"},{"taxonomy":"post_tag","embeddable":true,"href":"https:\/\/www.unica.edu.pe\/noticias\/wp-json\/wp\/v2\/tags?post=29619"}],"curies":[{"name":"wp","href":"https:\/\/api.w.org\/{rel}","templated":true}]}}