{"id":29563,"date":"2024-07-05T14:05:00","date_gmt":"2024-07-05T19:05:00","guid":{"rendered":"https:\/\/www.unica.edu.pe\/noticias\/?p=29563"},"modified":"2024-07-30T13:01:01","modified_gmt":"2024-07-30T18:01:01","slug":"condolencias-215","status":"publish","type":"post","link":"https:\/\/www.unica.edu.pe\/noticias\/2024\/07\/05\/condolencias-215\/","title":{"rendered":"CONDOLENCIAS"},"content":{"rendered":"\n<p><img loading=\"lazy\" decoding=\"async\" height=\"16\" width=\"16\" alt=\"\u271d\ufe0f\" src=\"https:\/\/static.xx.fbcdn.net\/images\/emoji.php\/v9\/t81\/1\/16\/271d.png\">CONDOLENCIAS <img loading=\"lazy\" decoding=\"async\" height=\"16\" width=\"16\" alt=\"\u271d\ufe0f\" src=\"https:\/\/static.xx.fbcdn.net\/images\/emoji.php\/v9\/t81\/1\/16\/271d.png\"> | La Universidad Nacional \u201cSan Luis Gonzaga\u201d, expresa las m\u00e1s sentidas condolencias a la trabajadora administrativa de la facultad de Medicina Humana, Mar\u00eda Luzmila Fuentes Reyes por la irreparable p\u00e9rdida de su se\u00f1or padre, quien en vida fue:<\/p>\n\n\n\n<p>RUBEN DARIO FUENTES TORRES QEPD.<\/p>\n\n\n\n<figure class=\"wp-block-image size-full\"><img loading=\"lazy\" decoding=\"async\" width=\"552\" height=\"522\" src=\"https:\/\/www.unica.edu.pe\/noticias\/wp-content\/uploads\/2024\/07\/image-25.png\" alt=\"\" class=\"wp-image-29564\" srcset=\"https:\/\/www.unica.edu.pe\/noticias\/wp-content\/uploads\/2024\/07\/image-25.png 552w, https:\/\/www.unica.edu.pe\/noticias\/wp-content\/uploads\/2024\/07\/image-25-300x284.png 300w\" sizes=\"auto, (max-width: 552px) 100vw, 552px\" \/><\/figure>\n","protected":false},"excerpt":{"rendered":"<p>CONDOLENCIAS | La Universidad Nacional \u201cSan Luis Gonzaga\u201d, expresa las m\u00e1s sentidas condolencias a la trabajadora administrativa de la facultad de Medicina Humana, Mar\u00eda Luzmila Fuentes Reyes por la irreparable p\u00e9rdida de su se\u00f1or padre, quien en vida fue: RUBEN DARIO FUENTES TORRES QEPD.<\/p>\n","protected":false},"author":4,"featured_media":0,"comment_status":"closed","ping_status":"open","sticky":false,"template":"","format":"standard","meta":{"footnotes":""},"categories":[9],"tags":[],"class_list":["post-29563","post","type-post","status-publish","format-standard","hentry","category-condolencias"],"_links":{"self":[{"href":"https:\/\/www.unica.edu.pe\/noticias\/wp-json\/wp\/v2\/posts\/29563","targetHints":{"allow":["GET"]}}],"collection":[{"href":"https:\/\/www.unica.edu.pe\/noticias\/wp-json\/wp\/v2\/posts"}],"about":[{"href":"https:\/\/www.unica.edu.pe\/noticias\/wp-json\/wp\/v2\/types\/post"}],"author":[{"embeddable":true,"href":"https:\/\/www.unica.edu.pe\/noticias\/wp-json\/wp\/v2\/users\/4"}],"replies":[{"embeddable":true,"href":"https:\/\/www.unica.edu.pe\/noticias\/wp-json\/wp\/v2\/comments?post=29563"}],"version-history":[{"count":1,"href":"https:\/\/www.unica.edu.pe\/noticias\/wp-json\/wp\/v2\/posts\/29563\/revisions"}],"predecessor-version":[{"id":29565,"href":"https:\/\/www.unica.edu.pe\/noticias\/wp-json\/wp\/v2\/posts\/29563\/revisions\/29565"}],"wp:attachment":[{"href":"https:\/\/www.unica.edu.pe\/noticias\/wp-json\/wp\/v2\/media?parent=29563"}],"wp:term":[{"taxonomy":"category","embeddable":true,"href":"https:\/\/www.unica.edu.pe\/noticias\/wp-json\/wp\/v2\/categories?post=29563"},{"taxonomy":"post_tag","embeddable":true,"href":"https:\/\/www.unica.edu.pe\/noticias\/wp-json\/wp\/v2\/tags?post=29563"}],"curies":[{"name":"wp","href":"https:\/\/api.w.org\/{rel}","templated":true}]}}