{"id":28554,"date":"2024-04-08T07:50:00","date_gmt":"2024-04-08T12:50:00","guid":{"rendered":"https:\/\/www.unica.edu.pe\/noticias\/?p=28554"},"modified":"2024-04-17T10:33:53","modified_gmt":"2024-04-17T15:33:53","slug":"la-etica-en-la-investigacion-cientifica","status":"publish","type":"post","link":"https:\/\/www.unica.edu.pe\/noticias\/2024\/04\/08\/la-etica-en-la-investigacion-cientifica\/","title":{"rendered":"La \u00c9tica en la Investigaci\u00f3n Cient\u00edfica!"},"content":{"rendered":"\n<p>\u00a1Atenci\u00f3n a todos los interesados en la \u00c9tica en la Investigaci\u00f3n Cient\u00edfica! l<img loading=\"lazy\" decoding=\"async\" height=\"16\" width=\"16\" alt=\"\ud83e\uddea\" src=\"https:\/\/static.xx.fbcdn.net\/images\/emoji.php\/v9\/t2d\/1\/16\/1f9ea.png\"><img loading=\"lazy\" decoding=\"async\" height=\"16\" width=\"16\" alt=\"\ud83d\udd2c\" src=\"https:\/\/static.xx.fbcdn.net\/images\/emoji.php\/v9\/t7e\/1\/16\/1f52c.png\"><img loading=\"lazy\" decoding=\"async\" height=\"16\" width=\"16\" alt=\"\ud83d\udcda\" src=\"https:\/\/static.xx.fbcdn.net\/images\/emoji.php\/v9\/t49\/1\/16\/1f4da.png\"><\/p>\n\n\n\n<p>El compromiso \u00e9tico es fundamental en el mundo de la investigaci\u00f3n <a><\/a>cient\u00edfica y acad\u00e9mica. Por ello, el Vicerrector de Investigaci\u00f3n de la UNICA, el Dr. Dante Ferm\u00edn Calder\u00f3n Huamani, tiene el placer de invitarlos a un imperdible curso de capacitaci\u00f3n sobre este tema, dirigido por el destacado representante del MINEDU, MAG Josmel Pacheco Mendoza, de la Direcci\u00f3n General de Educaci\u00f3n Superior Universitaria-MINEDU.<\/p>\n\n\n\n<p><img loading=\"lazy\" decoding=\"async\" height=\"16\" width=\"16\" alt=\"\ud83d\udcc5\" src=\"https:\/\/static.xx.fbcdn.net\/images\/emoji.php\/v9\/t7e\/1\/16\/1f4c5.png\"> Fechas: 10 y 17 de abril<\/p>\n\n\n\n<p><img loading=\"lazy\" decoding=\"async\" height=\"16\" width=\"16\" alt=\"\ud83d\udd56\" src=\"https:\/\/static.xx.fbcdn.net\/images\/emoji.php\/v9\/tae\/1\/16\/1f556.png\"> Hora: 7 p.m.<\/p>\n\n\n\n<p><img loading=\"lazy\" decoding=\"async\" height=\"16\" width=\"16\" alt=\"\ud83c\udf10\" src=\"https:\/\/static.xx.fbcdn.net\/images\/emoji.php\/v9\/taa\/1\/16\/1f310.png\"> Modalidad: Virtual<\/p>\n\n\n\n<p>En este curso, exploraremos los principios fundamentales que rigen la \u00e9tica en la investigaci\u00f3n cient\u00edfica y su aplicaci\u00f3n pr\u00e1ctica en diversos contextos acad\u00e9micos.<\/p>\n\n\n\n<p>\u00a1No pierdas la oportunidad de enriquecer tus conocimientos y habilidades en esta \u00e1rea tan importante para el avance de la ciencia y la sociedad!<\/p>\n\n\n\n<p><img loading=\"lazy\" decoding=\"async\" height=\"16\" width=\"16\" src=\"https:\/\/static.xx.fbcdn.net\/images\/emoji.php\/v9\/tb3\/1\/16\/1f517.png\" alt=\"\ud83d\udd17\"> Para inscribirte, visita: <\/p>\n\n\n\n<p><a href=\"https:\/\/docs.google.com\/forms\/d\/e\/1FAIpQLSc7ZV2m_WxuIo1YKZXFaPRH84iLpRpbeiXxKokus_wPneB2FQ\/closedform?pli=1\">https:\/\/docs.google.com\/forms\/d\/e\/1FAIpQLSc7ZV2m_WxuIo1YKZXFaPRH84iLpRpbeiXxKokus_wPneB2FQ\/closedform?pli=1<\/a><\/p>\n\n\n\n<p>Para obtener m\u00e1s informaci\u00f3n, no dudes en contactarnos por correo electr\u00f3nico: institutodeinvestigacion@unica.edu.pe<\/p>\n\n\n\n<p>\u00a1\u00danete a nosotros en este viaje hacia una investigaci\u00f3n cient\u00edfica m\u00e1s \u00e9tica y responsable!<\/p>\n\n\n\n<figure class=\"wp-block-image size-full\"><img loading=\"lazy\" decoding=\"async\" width=\"600\" height=\"503\" src=\"https:\/\/www.unica.edu.pe\/noticias\/wp-content\/uploads\/2024\/04\/213.jpg\" alt=\"\" class=\"wp-image-28555\" srcset=\"https:\/\/www.unica.edu.pe\/noticias\/wp-content\/uploads\/2024\/04\/213.jpg 600w, https:\/\/www.unica.edu.pe\/noticias\/wp-content\/uploads\/2024\/04\/213-300x252.jpg 300w\" sizes=\"auto, (max-width: 600px) 100vw, 600px\" \/><\/figure>\n","protected":false},"excerpt":{"rendered":"<p>\u00a1Atenci\u00f3n a todos los interesados en la \u00c9tica en la Investigaci\u00f3n Cient\u00edfica! l El compromiso \u00e9tico es fundamental en el mundo de la investigaci\u00f3n cient\u00edfica y acad\u00e9mica. Por ello, el Vicerrector de Investigaci\u00f3n de la UNICA, el Dr. Dante Ferm\u00edn Calder\u00f3n Huamani, tiene el placer de invitarlos a un imperdible curso de capacitaci\u00f3n sobre este &hellip; <\/p>\n<p class=\"link-more\"><a href=\"https:\/\/www.unica.edu.pe\/noticias\/2024\/04\/08\/la-etica-en-la-investigacion-cientifica\/\" class=\"more-link\">Continuar leyendo<span class=\"screen-reader-text\"> \u00abLa \u00c9tica en la Investigaci\u00f3n Cient\u00edfica!\u00bb<\/span><\/a><\/p>\n","protected":false},"author":4,"featured_media":0,"comment_status":"closed","ping_status":"open","sticky":false,"template":"","format":"standard","meta":{"footnotes":""},"categories":[7],"tags":[],"class_list":["post-28554","post","type-post","status-publish","format-standard","hentry","category-noticias"],"_links":{"self":[{"href":"https:\/\/www.unica.edu.pe\/noticias\/wp-json\/wp\/v2\/posts\/28554","targetHints":{"allow":["GET"]}}],"collection":[{"href":"https:\/\/www.unica.edu.pe\/noticias\/wp-json\/wp\/v2\/posts"}],"about":[{"href":"https:\/\/www.unica.edu.pe\/noticias\/wp-json\/wp\/v2\/types\/post"}],"author":[{"embeddable":true,"href":"https:\/\/www.unica.edu.pe\/noticias\/wp-json\/wp\/v2\/users\/4"}],"replies":[{"embeddable":true,"href":"https:\/\/www.unica.edu.pe\/noticias\/wp-json\/wp\/v2\/comments?post=28554"}],"version-history":[{"count":1,"href":"https:\/\/www.unica.edu.pe\/noticias\/wp-json\/wp\/v2\/posts\/28554\/revisions"}],"predecessor-version":[{"id":28556,"href":"https:\/\/www.unica.edu.pe\/noticias\/wp-json\/wp\/v2\/posts\/28554\/revisions\/28556"}],"wp:attachment":[{"href":"https:\/\/www.unica.edu.pe\/noticias\/wp-json\/wp\/v2\/media?parent=28554"}],"wp:term":[{"taxonomy":"category","embeddable":true,"href":"https:\/\/www.unica.edu.pe\/noticias\/wp-json\/wp\/v2\/categories?post=28554"},{"taxonomy":"post_tag","embeddable":true,"href":"https:\/\/www.unica.edu.pe\/noticias\/wp-json\/wp\/v2\/tags?post=28554"}],"curies":[{"name":"wp","href":"https:\/\/api.w.org\/{rel}","templated":true}]}}