{"id":28551,"date":"2024-04-08T07:45:00","date_gmt":"2024-04-08T12:45:00","guid":{"rendered":"https:\/\/www.unica.edu.pe\/noticias\/?p=28551"},"modified":"2024-04-17T10:27:17","modified_gmt":"2024-04-17T15:27:17","slug":"inscripciones-a-talleres-artisticos-coro-polifonico","status":"publish","type":"post","link":"https:\/\/www.unica.edu.pe\/noticias\/2024\/04\/08\/inscripciones-a-talleres-artisticos-coro-polifonico\/","title":{"rendered":"Inscripciones a talleres art\u00edsticos &#8211; Coro Polif\u00f3nico"},"content":{"rendered":"\n<p><a href=\"https:\/\/www.facebook.com\/hashtag\/rsu?__eep__=6&amp;__cft__[0]=AZVTFMZ134Prh1wJqQnZIi37E3kO9Em0S8dQLE9lEsI_6mmnMxr61zSKUjZkf9Wyic50r9chDxYG_lhu4MTRPwC-2tOFC1h7d39G9etp8SGj-40wS7nRBvTXwkehB_-ULfYmhtIBkAXzibbcFVg3fPzTH_C_nhEMDNMtGor80Xl0DX2chaGIXhOdpj8yQ02THuy8rYgUWvnCiwd-DjVCwZJoDz1KAMK5QWtG00chq8Wff5eBcJclp46wdMwdruygZD8&amp;__tn__=*NK-R\">#RSU<\/a> | <a href=\"https:\/\/www.facebook.com\/hashtag\/talleresartisticos2024?__eep__=6&amp;__cft__[0]=AZVTFMZ134Prh1wJqQnZIi37E3kO9Em0S8dQLE9lEsI_6mmnMxr61zSKUjZkf9Wyic50r9chDxYG_lhu4MTRPwC-2tOFC1h7d39G9etp8SGj-40wS7nRBvTXwkehB_-ULfYmhtIBkAXzibbcFVg3fPzTH_C_nhEMDNMtGor80Xl0DX2chaGIXhOdpj8yQ02THuy8rYgUWvnCiwd-DjVCwZJoDz1KAMK5QWtG00chq8Wff5eBcJclp46wdMwdruygZD8&amp;__tn__=*NK-R\">#TalleresArtisticos2024<\/a><\/p>\n\n\n\n<p>\u00a1\u00a1INSCRIPCIONES ABIERTAS!!<img loading=\"lazy\" decoding=\"async\" height=\"16\" width=\"16\" alt=\"\ud83e\udd29\" src=\"https:\/\/static.xx.fbcdn.net\/images\/emoji.php\/v9\/t58\/1\/16\/1f929.png\"><img loading=\"lazy\" decoding=\"async\" height=\"16\" width=\"16\" alt=\"\ud83d\ude0d\" src=\"https:\/\/static.xx.fbcdn.net\/images\/emoji.php\/v9\/t2\/1\/16\/1f60d.png\"><img loading=\"lazy\" decoding=\"async\" height=\"16\" width=\"16\" alt=\"\ud83c\udf89\" src=\"https:\/\/static.xx.fbcdn.net\/images\/emoji.php\/v9\/t8c\/1\/16\/1f389.png\"><\/p>\n\n\n\n<p>La Direcci\u00f3n de Responsabilidad Social Universitaria, Proyecci\u00f3n Social y Extensi\u00f3n Cultural invita a los estudiantes de la Universidad Nacional \u00abSan Luis Gonzaga\u00bb a participar en el Taller de Canto y Coro Polif\u00f3nico.<\/p>\n\n\n\n<p><a><\/a>\u00bfQUIERES APRENDER A CANTAR?<\/p>\n\n\n\n<p>EN NUESTRO TALLER APRENDERAS LAS TECNICAS VOCALES BASICAS<\/p>\n\n\n\n<p>SOLO DEBES TENER INICIATIVA Y COMPROMISO<img loading=\"lazy\" decoding=\"async\" height=\"16\" width=\"16\" alt=\"\ud83d\udcaa\" src=\"https:\/\/static.xx.fbcdn.net\/images\/emoji.php\/v9\/t6c\/1\/16\/1f4aa.png\"><img loading=\"lazy\" decoding=\"async\" height=\"16\" width=\"16\" alt=\"\ud83d\udcaa\" src=\"https:\/\/static.xx.fbcdn.net\/images\/emoji.php\/v9\/t6c\/1\/16\/1f4aa.png\"><\/p>\n\n\n\n<p>INSCRIPCIONES PRESENCIALES<\/p>\n\n\n\n<p><img loading=\"lazy\" decoding=\"async\" height=\"16\" width=\"16\" alt=\"\ud83d\udcc6\" src=\"https:\/\/static.xx.fbcdn.net\/images\/emoji.php\/v9\/tff\/1\/16\/1f4c6.png\"> Lunes a Viernes<\/p>\n\n\n\n<p><img loading=\"lazy\" decoding=\"async\" height=\"16\" width=\"16\" alt=\"\u23f0\" src=\"https:\/\/static.xx.fbcdn.net\/images\/emoji.php\/v9\/t34\/1\/16\/23f0.png\">Hora: 8:30 am &#8211; 9:00 pm<\/p>\n\n\n\n<p><img loading=\"lazy\" decoding=\"async\" height=\"16\" width=\"16\" alt=\"\ud83d\udccc\" src=\"https:\/\/static.xx.fbcdn.net\/images\/emoji.php\/v9\/tac\/1\/16\/1f4cc.png\">Lugar: Direcci\u00f3n de RSU, Proyecci\u00f3n Social y Extensi\u00f3n Cultural &#8211; Local Central UNICA<\/p>\n\n\n\n<p>\u00a1\u00a1LOS ESPERAMOS!! <img loading=\"lazy\" decoding=\"async\" height=\"16\" width=\"16\" src=\"https:\/\/static.xx.fbcdn.net\/images\/emoji.php\/v9\/t58\/1\/16\/1f929.png\" alt=\"\ud83e\udd29\"><img loading=\"lazy\" decoding=\"async\" height=\"16\" width=\"16\" src=\"https:\/\/static.xx.fbcdn.net\/images\/emoji.php\/v9\/t58\/1\/16\/1f929.png\" alt=\"\ud83e\udd29\"><\/p>\n\n\n\n<figure class=\"wp-block-image size-full\"><img loading=\"lazy\" decoding=\"async\" width=\"526\" height=\"935\" src=\"https:\/\/www.unica.edu.pe\/noticias\/wp-content\/uploads\/2024\/04\/212.jpg\" alt=\"\" class=\"wp-image-28552\" srcset=\"https:\/\/www.unica.edu.pe\/noticias\/wp-content\/uploads\/2024\/04\/212.jpg 526w, https:\/\/www.unica.edu.pe\/noticias\/wp-content\/uploads\/2024\/04\/212-169x300.jpg 169w\" sizes=\"auto, (max-width: 526px) 100vw, 526px\" \/><\/figure>\n","protected":false},"excerpt":{"rendered":"<p>#RSU | #TalleresArtisticos2024 \u00a1\u00a1INSCRIPCIONES ABIERTAS!! La Direcci\u00f3n de Responsabilidad Social Universitaria, Proyecci\u00f3n Social y Extensi\u00f3n Cultural invita a los estudiantes de la Universidad Nacional \u00abSan Luis Gonzaga\u00bb a participar en el Taller de Canto y Coro Polif\u00f3nico. \u00bfQUIERES APRENDER A CANTAR? EN NUESTRO TALLER APRENDERAS LAS TECNICAS VOCALES BASICAS SOLO DEBES TENER INICIATIVA Y COMPROMISO &hellip; <\/p>\n<p class=\"link-more\"><a href=\"https:\/\/www.unica.edu.pe\/noticias\/2024\/04\/08\/inscripciones-a-talleres-artisticos-coro-polifonico\/\" class=\"more-link\">Continuar leyendo<span class=\"screen-reader-text\"> \u00abInscripciones a talleres art\u00edsticos &#8211; Coro Polif\u00f3nico\u00bb<\/span><\/a><\/p>\n","protected":false},"author":4,"featured_media":0,"comment_status":"closed","ping_status":"open","sticky":false,"template":"","format":"standard","meta":{"footnotes":""},"categories":[7],"tags":[],"class_list":["post-28551","post","type-post","status-publish","format-standard","hentry","category-noticias"],"_links":{"self":[{"href":"https:\/\/www.unica.edu.pe\/noticias\/wp-json\/wp\/v2\/posts\/28551","targetHints":{"allow":["GET"]}}],"collection":[{"href":"https:\/\/www.unica.edu.pe\/noticias\/wp-json\/wp\/v2\/posts"}],"about":[{"href":"https:\/\/www.unica.edu.pe\/noticias\/wp-json\/wp\/v2\/types\/post"}],"author":[{"embeddable":true,"href":"https:\/\/www.unica.edu.pe\/noticias\/wp-json\/wp\/v2\/users\/4"}],"replies":[{"embeddable":true,"href":"https:\/\/www.unica.edu.pe\/noticias\/wp-json\/wp\/v2\/comments?post=28551"}],"version-history":[{"count":1,"href":"https:\/\/www.unica.edu.pe\/noticias\/wp-json\/wp\/v2\/posts\/28551\/revisions"}],"predecessor-version":[{"id":28553,"href":"https:\/\/www.unica.edu.pe\/noticias\/wp-json\/wp\/v2\/posts\/28551\/revisions\/28553"}],"wp:attachment":[{"href":"https:\/\/www.unica.edu.pe\/noticias\/wp-json\/wp\/v2\/media?parent=28551"}],"wp:term":[{"taxonomy":"category","embeddable":true,"href":"https:\/\/www.unica.edu.pe\/noticias\/wp-json\/wp\/v2\/categories?post=28551"},{"taxonomy":"post_tag","embeddable":true,"href":"https:\/\/www.unica.edu.pe\/noticias\/wp-json\/wp\/v2\/tags?post=28551"}],"curies":[{"name":"wp","href":"https:\/\/api.w.org\/{rel}","templated":true}]}}