{"id":28438,"date":"2024-03-25T15:00:00","date_gmt":"2024-03-25T20:00:00","guid":{"rendered":"https:\/\/www.unica.edu.pe\/noticias\/?p=28438"},"modified":"2024-04-02T09:06:11","modified_gmt":"2024-04-02T14:06:11","slug":"i-seminario-de-rsu-gestion-de-responsabilidad-social-universitaria","status":"publish","type":"post","link":"https:\/\/www.unica.edu.pe\/noticias\/2024\/03\/25\/i-seminario-de-rsu-gestion-de-responsabilidad-social-universitaria\/","title":{"rendered":"I SEMINARIO DE RSU: \u00abGesti\u00f3n de Responsabilidad Social Universitaria\u00bb"},"content":{"rendered":"\n<p class=\"wp-block-paragraph\">La Direcci\u00f3n de Responsabilidad Social Universitaria, Proyecci\u00f3n Social y Extensi\u00f3n Cultural, organiza eI I SEMINARIO DE RSU: \u00abGesti\u00f3n de Responsabilidad Social <a><\/a>Universitaria\u00bb, dirigido al personal administrativo y docente de la<a href=\"https:\/\/www.facebook.com\/UnicaSLG?__cft__[0]=AZX8RTovEBV5mRiYea9qdFAvfHpueNL6bcQk3CAK8wAOUrwW6oSc--Tm5g3F_Y1Lwa1UwfebTTI1rYGo9iVHq4rADnO_nQU8Te3UgGd0qpUAOLF9X3NRR-Sj0WptdpPzbf0RVe2lRVRuGZMsgTesq9jmVEwmNgSFovSqfT5R2c3of9aeJdO10NMRk32G4-0VfWgtb8hZbPZeKgPd57BpSoS5&amp;__tn__=-]K-y-R\"> Universidad Nacional \u00abSan Luis Gonzaga<\/a>\u00ab, que se desarrollaran en 2 sesiones.<\/p>\n\n\n\n<p class=\"wp-block-paragraph\"><img loading=\"lazy\" decoding=\"async\" height=\"16\" width=\"16\" alt=\"\u2705\" src=\"https:\/\/static.xx.fbcdn.net\/images\/emoji.php\/v9\/t33\/1\/16\/2705.png\">Ponente:<\/p>\n\n\n\n<p class=\"wp-block-paragraph\">Dr. Walter Andia Valencia<\/p>\n\n\n\n<p class=\"wp-block-paragraph\">Presidente de la Red Internacional Universitaria de Responsabilidad Social y Ambiental &#8211; RIURSA<\/p>\n\n\n\n<p class=\"wp-block-paragraph\"><img loading=\"lazy\" decoding=\"async\" height=\"16\" width=\"16\" alt=\"\ud83d\udcc5\" src=\"https:\/\/static.xx.fbcdn.net\/images\/emoji.php\/v9\/t7e\/1\/16\/1f4c5.png\">Fecha: 11 y 12 de abril de 2024<\/p>\n\n\n\n<p class=\"wp-block-paragraph\"><img loading=\"lazy\" decoding=\"async\" height=\"16\" width=\"16\" alt=\"\u23f0\" src=\"https:\/\/static.xx.fbcdn.net\/images\/emoji.php\/v9\/t34\/1\/16\/23f0.png\">Hora: 9:00 a.m &#8211; 01:00 p.m.<\/p>\n\n\n\n<p class=\"wp-block-paragraph\"><img loading=\"lazy\" decoding=\"async\" height=\"16\" width=\"16\" alt=\"\ud83d\udccc\" src=\"https:\/\/static.xx.fbcdn.net\/images\/emoji.php\/v9\/tac\/1\/16\/1f4cc.png\">Auditorio \u201cRa\u00fal Porras Barrenechea\u201d &#8211; Local Central de la UNICA.<\/p>\n\n\n\n<p class=\"wp-block-paragraph\"><img loading=\"lazy\" decoding=\"async\" height=\"16\" width=\"16\" alt=\"\u2705\" src=\"https:\/\/static.xx.fbcdn.net\/images\/emoji.php\/v9\/t33\/1\/16\/2705.png\">Link de inscripci\u00f3n:<\/p>\n\n\n\n<p class=\"wp-block-paragraph\"><a href=\"https:\/\/forms.gle\/naXFhb6JQfj3VfYN6\">https:\/\/forms.gle\/naXFhb6JQfj3VfYN6<\/a><\/p>\n\n\n\n<p class=\"wp-block-paragraph\"><img loading=\"lazy\" decoding=\"async\" height=\"16\" width=\"16\" src=\"https:\/\/static.xx.fbcdn.net\/images\/emoji.php\/v9\/tdc\/1\/16\/26a0.png\" alt=\"\u26a0\"><img loading=\"lazy\" decoding=\"async\" height=\"16\" width=\"16\" src=\"https:\/\/static.xx.fbcdn.net\/images\/emoji.php\/v9\/tdc\/1\/16\/26a0.png\" alt=\"\u26a0\"> NOTA: PARA LA EMISI\u00d3N DEL CERTIFICADO DEBER\u00c1 ASISTIR A LOS DOS D\u00cdAS DEL SEMINARIO.<\/p>\n\n\n\n<figure class=\"wp-block-image size-full\"><img loading=\"lazy\" decoding=\"async\" width=\"526\" height=\"526\" src=\"https:\/\/www.unica.edu.pe\/noticias\/wp-content\/uploads\/2024\/04\/118.jpg\" alt=\"\" class=\"wp-image-28439\" srcset=\"https:\/\/www.unica.edu.pe\/noticias\/wp-content\/uploads\/2024\/04\/118.jpg 526w, https:\/\/www.unica.edu.pe\/noticias\/wp-content\/uploads\/2024\/04\/118-300x300.jpg 300w, https:\/\/www.unica.edu.pe\/noticias\/wp-content\/uploads\/2024\/04\/118-150x150.jpg 150w, https:\/\/www.unica.edu.pe\/noticias\/wp-content\/uploads\/2024\/04\/118-100x100.jpg 100w\" sizes=\"auto, (max-width: 526px) 100vw, 526px\" \/><\/figure>\n","protected":false},"excerpt":{"rendered":"<p>La Direcci\u00f3n de Responsabilidad Social Universitaria, Proyecci\u00f3n Social y Extensi\u00f3n Cultural, organiza eI I SEMINARIO DE RSU: \u00abGesti\u00f3n de Responsabilidad Social Universitaria\u00bb, dirigido al personal administrativo y docente de la Universidad Nacional \u00abSan Luis Gonzaga\u00ab, que se desarrollaran en 2 sesiones. Ponente: Dr. Walter Andia Valencia Presidente de la Red Internacional Universitaria de Responsabilidad Social &hellip; <\/p>\n<p class=\"link-more\"><a href=\"https:\/\/www.unica.edu.pe\/noticias\/2024\/03\/25\/i-seminario-de-rsu-gestion-de-responsabilidad-social-universitaria\/\" class=\"more-link\">Continuar leyendo<span class=\"screen-reader-text\"> \u00abI SEMINARIO DE RSU: \u00abGesti\u00f3n de Responsabilidad Social Universitaria\u00bb\u00bb<\/span><\/a><\/p>\n","protected":false},"author":4,"featured_media":0,"comment_status":"closed","ping_status":"open","sticky":false,"template":"","format":"standard","meta":{"footnotes":""},"categories":[7],"tags":[],"class_list":["post-28438","post","type-post","status-publish","format-standard","hentry","category-noticias"],"_links":{"self":[{"href":"https:\/\/www.unica.edu.pe\/noticias\/wp-json\/wp\/v2\/posts\/28438","targetHints":{"allow":["GET"]}}],"collection":[{"href":"https:\/\/www.unica.edu.pe\/noticias\/wp-json\/wp\/v2\/posts"}],"about":[{"href":"https:\/\/www.unica.edu.pe\/noticias\/wp-json\/wp\/v2\/types\/post"}],"author":[{"embeddable":true,"href":"https:\/\/www.unica.edu.pe\/noticias\/wp-json\/wp\/v2\/users\/4"}],"replies":[{"embeddable":true,"href":"https:\/\/www.unica.edu.pe\/noticias\/wp-json\/wp\/v2\/comments?post=28438"}],"version-history":[{"count":1,"href":"https:\/\/www.unica.edu.pe\/noticias\/wp-json\/wp\/v2\/posts\/28438\/revisions"}],"predecessor-version":[{"id":28440,"href":"https:\/\/www.unica.edu.pe\/noticias\/wp-json\/wp\/v2\/posts\/28438\/revisions\/28440"}],"wp:attachment":[{"href":"https:\/\/www.unica.edu.pe\/noticias\/wp-json\/wp\/v2\/media?parent=28438"}],"wp:term":[{"taxonomy":"category","embeddable":true,"href":"https:\/\/www.unica.edu.pe\/noticias\/wp-json\/wp\/v2\/categories?post=28438"},{"taxonomy":"post_tag","embeddable":true,"href":"https:\/\/www.unica.edu.pe\/noticias\/wp-json\/wp\/v2\/tags?post=28438"}],"curies":[{"name":"wp","href":"https:\/\/api.w.org\/{rel}","templated":true}]}}