{"id":28172,"date":"2024-03-04T12:55:00","date_gmt":"2024-03-04T17:55:00","guid":{"rendered":"https:\/\/www.unica.edu.pe\/noticias\/?p=28172"},"modified":"2024-03-19T09:38:35","modified_gmt":"2024-03-19T14:38:35","slug":"28172","status":"publish","type":"post","link":"https:\/\/www.unica.edu.pe\/noticias\/2024\/03\/04\/28172\/","title":{"rendered":"Inauguraci\u00f3n de la exposici\u00f3n pict\u00f3rica denominada: abstracto"},"content":{"rendered":"\n<p><a href=\"https:\/\/www.facebook.com\/hashtag\/exposici%C3%B3npict%C3%B3rica?__eep__=6&amp;__cft__[0]=AZV-0ab7SXcMWNNwg4Tl8KK3W-TFNf0pdhap2upAdbr26Iw6N2Ou_94KwB5PT6mYwRBuY1TCT4b0lOQ-_7EZ7lQiAG-2W2y4dwiAeIkNxEzm0GrLKOguNL2_DlZmiMYXP5fTmYdZL_Ag_Ddd8x69SAOs34PC0X7uz8cf0-JTvzDkyvLkPR1aeEHfo2zrg_xyt0g&amp;__tn__=*NK-R\">#Exposici\u00f3nPict\u00f3rica<\/a> | La noche del \u00faltimo viernes La Direcci\u00f3n de Responsabilidad Social Universitaria, Proyecci\u00f3n Social y Extensi\u00f3n Cultural, realiz\u00f3 la inauguraci\u00f3n de la exposici\u00f3n pict\u00f3rica denominada: abstracto en la sala de exposiciones \u201cRa\u00fal Sotil Galindo\u201d del Centro Cultural ubicado en la calle Bol\u00edvar N\u00b0232.<\/p>\n\n\n\n<p>La muestra pict\u00f3rica tiene como principal expositora a la artista Ang\u00e9lica Bendez\u00fa Sumen quien exhibe su trabajo con 10 cuadros que llevan por nombre: Arlequ\u00edn, <a><\/a>Crucifijo, La vida a colores, Metamorfosis, Veleros, Huarango, Rojo de amor, Resiliencia, Bailando y Destello, todos ellos trabajados en \u00d2leo sobre lienzo.<\/p>\n\n\n\n<p>Tambi\u00e9n forman parte como invitados de la muestra pict\u00f3rica los artistas; Noelia Ancas\u00ed Huaman\u00ed, Julio Cesar M\u00e9ndez Ponce, Antonio Arnao Osorio y Percy Gavil\u00e1n Ch\u00e1vez<\/p>\n\n\n\n<p>Esta muestra pict\u00f3rica estar\u00e1 a disposici\u00f3n de la poblaci\u00f3n todo el mes de marzo coincidiendo con el mes de la vendimia<\/p>\n\n\n\n<p>Ver galer\u00eda de Im\u00e1genes: <\/p>\n\n\n\n<p><a href=\"https:\/\/www.facebook.com\/UnicaSLG\/posts\/pfbid0217sqAjuCbMz4m7zke9K3DeUTCZADEFk84xziyTVWGeSUvPCuL7XR3LhtpHztVhD6l\">https:\/\/www.facebook.com\/UnicaSLG\/posts\/pfbid0217sqAjuCbMz4m7zke9K3DeUTCZADEFk84xziyTVWGeSUvPCuL7XR3LhtpHztVhD6l<\/a> <\/p>\n\n\n\n<figure class=\"wp-block-image size-full\"><img loading=\"lazy\" decoding=\"async\" width=\"593\" height=\"395\" src=\"https:\/\/www.unica.edu.pe\/noticias\/wp-content\/uploads\/2024\/03\/77-1.jpg\" alt=\"\" class=\"wp-image-28173\" srcset=\"https:\/\/www.unica.edu.pe\/noticias\/wp-content\/uploads\/2024\/03\/77-1.jpg 593w, https:\/\/www.unica.edu.pe\/noticias\/wp-content\/uploads\/2024\/03\/77-1-300x200.jpg 300w\" sizes=\"auto, (max-width: 593px) 100vw, 593px\" \/><\/figure>\n\n\n\n<figure class=\"wp-block-image size-full\"><img loading=\"lazy\" decoding=\"async\" width=\"508\" height=\"425\" src=\"https:\/\/www.unica.edu.pe\/noticias\/wp-content\/uploads\/2024\/03\/78.png\" alt=\"\" class=\"wp-image-28174\" srcset=\"https:\/\/www.unica.edu.pe\/noticias\/wp-content\/uploads\/2024\/03\/78.png 508w, https:\/\/www.unica.edu.pe\/noticias\/wp-content\/uploads\/2024\/03\/78-300x251.png 300w\" sizes=\"auto, (max-width: 508px) 100vw, 508px\" \/><\/figure>\n","protected":false},"excerpt":{"rendered":"<p>#Exposici\u00f3nPict\u00f3rica | La noche del \u00faltimo viernes La Direcci\u00f3n de Responsabilidad Social Universitaria, Proyecci\u00f3n Social y Extensi\u00f3n Cultural, realiz\u00f3 la inauguraci\u00f3n de la exposici\u00f3n pict\u00f3rica denominada: abstracto en la sala de exposiciones \u201cRa\u00fal Sotil Galindo\u201d del Centro Cultural ubicado en la calle Bol\u00edvar N\u00b0232. La muestra pict\u00f3rica tiene como principal expositora a la artista Ang\u00e9lica &hellip; <\/p>\n<p class=\"link-more\"><a href=\"https:\/\/www.unica.edu.pe\/noticias\/2024\/03\/04\/28172\/\" class=\"more-link\">Continuar leyendo<span class=\"screen-reader-text\"> \u00abInauguraci\u00f3n de la exposici\u00f3n pict\u00f3rica denominada: abstracto\u00bb<\/span><\/a><\/p>\n","protected":false},"author":4,"featured_media":0,"comment_status":"closed","ping_status":"open","sticky":false,"template":"","format":"standard","meta":{"footnotes":""},"categories":[7],"tags":[],"class_list":["post-28172","post","type-post","status-publish","format-standard","hentry","category-noticias"],"_links":{"self":[{"href":"https:\/\/www.unica.edu.pe\/noticias\/wp-json\/wp\/v2\/posts\/28172","targetHints":{"allow":["GET"]}}],"collection":[{"href":"https:\/\/www.unica.edu.pe\/noticias\/wp-json\/wp\/v2\/posts"}],"about":[{"href":"https:\/\/www.unica.edu.pe\/noticias\/wp-json\/wp\/v2\/types\/post"}],"author":[{"embeddable":true,"href":"https:\/\/www.unica.edu.pe\/noticias\/wp-json\/wp\/v2\/users\/4"}],"replies":[{"embeddable":true,"href":"https:\/\/www.unica.edu.pe\/noticias\/wp-json\/wp\/v2\/comments?post=28172"}],"version-history":[{"count":2,"href":"https:\/\/www.unica.edu.pe\/noticias\/wp-json\/wp\/v2\/posts\/28172\/revisions"}],"predecessor-version":[{"id":28176,"href":"https:\/\/www.unica.edu.pe\/noticias\/wp-json\/wp\/v2\/posts\/28172\/revisions\/28176"}],"wp:attachment":[{"href":"https:\/\/www.unica.edu.pe\/noticias\/wp-json\/wp\/v2\/media?parent=28172"}],"wp:term":[{"taxonomy":"category","embeddable":true,"href":"https:\/\/www.unica.edu.pe\/noticias\/wp-json\/wp\/v2\/categories?post=28172"},{"taxonomy":"post_tag","embeddable":true,"href":"https:\/\/www.unica.edu.pe\/noticias\/wp-json\/wp\/v2\/tags?post=28172"}],"curies":[{"name":"wp","href":"https:\/\/api.w.org\/{rel}","templated":true}]}}