{"id":27284,"date":"2024-01-11T14:05:00","date_gmt":"2024-01-11T19:05:00","guid":{"rendered":"https:\/\/www.unica.edu.pe\/noticias\/?p=27284"},"modified":"2024-02-01T09:40:48","modified_gmt":"2024-02-01T14:40:48","slug":"la-universidad-nacional-san-luis-gonzaga-invita-a-la-comunidad-universitaria-a-participar-en-la-gran-marcha-por-la-paz","status":"publish","type":"post","link":"https:\/\/www.unica.edu.pe\/noticias\/2024\/01\/11\/la-universidad-nacional-san-luis-gonzaga-invita-a-la-comunidad-universitaria-a-participar-en-la-gran-marcha-por-la-paz\/","title":{"rendered":"La Universidad Nacional San Luis Gonzaga, invita a la comunidad universitaria a participar en la Gran Marcha por la Paz."},"content":{"rendered":"\n<p><a href=\"https:\/\/www.facebook.com\/hashtag\/marchaporlapaz?__eep__=6&amp;__cft__[0]=AZUxvIdJLn6xYL8x7oKvXsP0B4FLbNZypH7KObptG33A8QstoHmKmG3t0_kY9EBfYvoTr63yxz3L-NJT2Uq9wqZsjH43MrxhZD_dq-B1PN-kUm8ULlqcJ4QTIa9gh_CTpbNaHLJ4EC9rOo7Qj1quCRhGfJRWo0ascCR9RKmC-3TV7aIUTUEhPlsi1lkEaGwdtgo&amp;__tn__=*NK-R\">#MarchaPorLaPaz<\/a> | La Universidad Nacional San Luis Gonzaga, invita a la comunidad universitaria a participar en la Gran Marcha por la Paz.<\/p>\n\n\n\n<p>La marcha tiene como fin exigir al gobierno central, mayores recursos y estrategias de seguridad ciudadana, para combatir y erradicar la delincuencia com\u00fan y el crimen organizado de lo cual nuestra comunidad universitaria no es ajena.<\/p>\n\n\n\n<p><img loading=\"lazy\" decoding=\"async\" height=\"16\" width=\"16\" alt=\"\u231a\ufe0f\" src=\"https:\/\/static.xx.fbcdn.net\/images\/emoji.php\/v9\/tfa\/1\/16\/231a.png\">viernes 12, a horas 9:00 a.m.,<\/p>\n\n\n\n<p><img loading=\"lazy\" decoding=\"async\" height=\"16\" width=\"16\" alt=\"\ud83d\udccc\" src=\"https:\/\/static.xx.fbcdn.net\/images\/emoji.php\/v9\/tac\/1\/16\/1f4cc.png\">Lugar de concentraci\u00f3n \u00d3valo de estadio Jos\u00e9 Picasso Peratta.<\/p>\n\n\n\n<p><img loading=\"lazy\" decoding=\"async\" height=\"16\" width=\"16\" src=\"https:\/\/static.xx.fbcdn.net\/images\/emoji.php\/v9\/t18\/1\/16\/1f3f3.png\" alt=\"\ud83c\udff3\ufe0f\">\u00a1Los esperamos\u2026! sin suspensi\u00f3n de labores acad\u00e9micas ni administrativas <\/p>\n\n\n\n<figure class=\"wp-block-image size-full\"><img loading=\"lazy\" decoding=\"async\" width=\"500\" height=\"500\" src=\"https:\/\/www.unica.edu.pe\/noticias\/wp-content\/uploads\/2024\/02\/45.jpg\" alt=\"\" class=\"wp-image-27285\" srcset=\"https:\/\/www.unica.edu.pe\/noticias\/wp-content\/uploads\/2024\/02\/45.jpg 500w, https:\/\/www.unica.edu.pe\/noticias\/wp-content\/uploads\/2024\/02\/45-300x300.jpg 300w, https:\/\/www.unica.edu.pe\/noticias\/wp-content\/uploads\/2024\/02\/45-150x150.jpg 150w, https:\/\/www.unica.edu.pe\/noticias\/wp-content\/uploads\/2024\/02\/45-100x100.jpg 100w\" sizes=\"auto, (max-width: 500px) 100vw, 500px\" \/><\/figure>\n","protected":false},"excerpt":{"rendered":"<p>#MarchaPorLaPaz | La Universidad Nacional San Luis Gonzaga, invita a la comunidad universitaria a participar en la Gran Marcha por la Paz. La marcha tiene como fin exigir al gobierno central, mayores recursos y estrategias de seguridad ciudadana, para combatir y erradicar la delincuencia com\u00fan y el crimen organizado de lo cual nuestra comunidad universitaria &hellip; <\/p>\n<p class=\"link-more\"><a href=\"https:\/\/www.unica.edu.pe\/noticias\/2024\/01\/11\/la-universidad-nacional-san-luis-gonzaga-invita-a-la-comunidad-universitaria-a-participar-en-la-gran-marcha-por-la-paz\/\" class=\"more-link\">Continuar leyendo<span class=\"screen-reader-text\"> \u00abLa Universidad Nacional San Luis Gonzaga, invita a la comunidad universitaria a participar en la Gran Marcha por la Paz.\u00bb<\/span><\/a><\/p>\n","protected":false},"author":4,"featured_media":0,"comment_status":"closed","ping_status":"open","sticky":false,"template":"","format":"standard","meta":{"footnotes":""},"categories":[7],"tags":[],"class_list":["post-27284","post","type-post","status-publish","format-standard","hentry","category-noticias"],"_links":{"self":[{"href":"https:\/\/www.unica.edu.pe\/noticias\/wp-json\/wp\/v2\/posts\/27284","targetHints":{"allow":["GET"]}}],"collection":[{"href":"https:\/\/www.unica.edu.pe\/noticias\/wp-json\/wp\/v2\/posts"}],"about":[{"href":"https:\/\/www.unica.edu.pe\/noticias\/wp-json\/wp\/v2\/types\/post"}],"author":[{"embeddable":true,"href":"https:\/\/www.unica.edu.pe\/noticias\/wp-json\/wp\/v2\/users\/4"}],"replies":[{"embeddable":true,"href":"https:\/\/www.unica.edu.pe\/noticias\/wp-json\/wp\/v2\/comments?post=27284"}],"version-history":[{"count":1,"href":"https:\/\/www.unica.edu.pe\/noticias\/wp-json\/wp\/v2\/posts\/27284\/revisions"}],"predecessor-version":[{"id":27286,"href":"https:\/\/www.unica.edu.pe\/noticias\/wp-json\/wp\/v2\/posts\/27284\/revisions\/27286"}],"wp:attachment":[{"href":"https:\/\/www.unica.edu.pe\/noticias\/wp-json\/wp\/v2\/media?parent=27284"}],"wp:term":[{"taxonomy":"category","embeddable":true,"href":"https:\/\/www.unica.edu.pe\/noticias\/wp-json\/wp\/v2\/categories?post=27284"},{"taxonomy":"post_tag","embeddable":true,"href":"https:\/\/www.unica.edu.pe\/noticias\/wp-json\/wp\/v2\/tags?post=27284"}],"curies":[{"name":"wp","href":"https:\/\/api.w.org\/{rel}","templated":true}]}}