{"id":27266,"date":"2024-01-09T15:50:00","date_gmt":"2024-01-09T20:50:00","guid":{"rendered":"https:\/\/www.unica.edu.pe\/noticias\/?p=27266"},"modified":"2024-01-22T12:31:20","modified_gmt":"2024-01-22T17:31:20","slug":"en-ceremonia-oficial-nuestra-rectora-dra-paquita-uribe-preside-ceremonia-de-bendicion-de-mandiles-de-su-facultad","status":"publish","type":"post","link":"https:\/\/www.unica.edu.pe\/noticias\/2024\/01\/09\/en-ceremonia-oficial-nuestra-rectora-dra-paquita-uribe-preside-ceremonia-de-bendicion-de-mandiles-de-su-facultad\/","title":{"rendered":"EN CEREMONIA OFICIAL NUESTRA RECTORA Dra. PAQUITA URIBE PRESIDE CEREMONIA DE BENDICI\u00d3N DE MANDILES DE SU FACULTAD."},"content":{"rendered":"\n<p><a href=\"https:\/\/www.facebook.com\/hashtag\/bendici%C3%B3ndemandiles?__eep__=6&amp;__cft__[0]=AZWgzanr2-9_uwWa7gzn3gezF7rHF44K3mX9ukXpUDvIB4-Q0E9FTcT_wbvPC2gLxHrh82VtFxq6n5bDTeR0D22glIyuhw0nE9dld1QmLSr_li8lC1nQbAADz1C3ijHuIGNn1U5MrC1WiMkRuhd-lJrLw4rtO_J-AkPG93todz1tVFRLga0_ycsX_RL-imO6-d4&amp;__tn__=*NK-R\">#Bendici\u00f3ndemandiles<\/a> | EN CEREMONIA OFICIAL NUESTRA RECTORA Dra. PAQUITA URIBE PRESIDE CEREMONIA DE BENDICI\u00d3N DE MANDILES DE SU FACULTAD.<\/p>\n\n\n\n<p>La Dra. Cecilia Paquita Uribe Quiroz rectora de nuestra universidad presidio la ceremonia de bendici\u00f3n de mandiles e imposici\u00f3n de placas de la Facultad de Enfermer\u00eda, en dicha ceremonia estuvo acompa\u00f1ada por la decana de la Facultad Mag. Lilia Loza Munarris, la directora de la Escuela Acad\u00e9mico Profesional de Enfermer\u00eda la Dra. Carmen <a><\/a>Bendez\u00fa D\u00e1vila y la directora del departamento de Salud Familiar Comunitaria e Investigaci\u00f3n la Dra. Gladys Brizuela Pow Sang.<\/p>\n\n\n\n<p>Esta ceremonia que ya se ha convertido en una tradici\u00f3n en la facultad tiene por objeto reforzar el compromiso, servicio y vocaci\u00f3n de los estudiantes que realizar\u00e1n sus pr\u00e1cticas profesionales en los distintos centros de salud de la regi\u00f3n quienes nos representar\u00e1n en cada uno de los lugares donde los designen llevando el nombre de la Universidad Nacional San Luis Gonzaga.<\/p>\n\n\n\n<p>Ver nota e im\u00e1genes:<\/p>\n\n\n\n<p><a href=\"https:\/\/www.facebook.com\/UnicaSLG\/posts\/pfbid02ZknRgwkG48FZhAr6ERKAnvNvh12L4jrqcCHoFRxwDDFkij7sdkUosUwixyb5b8K2l\">https:\/\/www.facebook.com\/UnicaSLG\/posts\/pfbid02ZknRgwkG48FZhAr6ERKAnvNvh12L4jrqcCHoFRxwDDFkij7sdkUosUwixyb5b8K2l<\/a>  <\/p>\n\n\n\n<figure class=\"wp-block-image size-large\"><img loading=\"lazy\" decoding=\"async\" width=\"1024\" height=\"683\" src=\"https:\/\/www.unica.edu.pe\/noticias\/wp-content\/uploads\/2024\/01\/40-1024x683.jpg\" alt=\"\" class=\"wp-image-27267\" srcset=\"https:\/\/www.unica.edu.pe\/noticias\/wp-content\/uploads\/2024\/01\/40-1024x683.jpg 1024w, https:\/\/www.unica.edu.pe\/noticias\/wp-content\/uploads\/2024\/01\/40-300x200.jpg 300w, https:\/\/www.unica.edu.pe\/noticias\/wp-content\/uploads\/2024\/01\/40-768x512.jpg 768w, https:\/\/www.unica.edu.pe\/noticias\/wp-content\/uploads\/2024\/01\/40-1536x1024.jpg 1536w, https:\/\/www.unica.edu.pe\/noticias\/wp-content\/uploads\/2024\/01\/40.jpg 2048w\" sizes=\"auto, (max-width: 767px) 89vw, (max-width: 1000px) 54vw, (max-width: 1071px) 543px, 580px\" \/><\/figure>\n","protected":false},"excerpt":{"rendered":"<p>#Bendici\u00f3ndemandiles | EN CEREMONIA OFICIAL NUESTRA RECTORA Dra. PAQUITA URIBE PRESIDE CEREMONIA DE BENDICI\u00d3N DE MANDILES DE SU FACULTAD. La Dra. Cecilia Paquita Uribe Quiroz rectora de nuestra universidad presidio la ceremonia de bendici\u00f3n de mandiles e imposici\u00f3n de placas de la Facultad de Enfermer\u00eda, en dicha ceremonia estuvo acompa\u00f1ada por la decana de la &hellip; <\/p>\n<p class=\"link-more\"><a href=\"https:\/\/www.unica.edu.pe\/noticias\/2024\/01\/09\/en-ceremonia-oficial-nuestra-rectora-dra-paquita-uribe-preside-ceremonia-de-bendicion-de-mandiles-de-su-facultad\/\" class=\"more-link\">Continuar leyendo<span class=\"screen-reader-text\"> \u00abEN CEREMONIA OFICIAL NUESTRA RECTORA Dra. PAQUITA URIBE PRESIDE CEREMONIA DE BENDICI\u00d3N DE MANDILES DE SU FACULTAD.\u00bb<\/span><\/a><\/p>\n","protected":false},"author":4,"featured_media":0,"comment_status":"closed","ping_status":"open","sticky":false,"template":"","format":"standard","meta":{"footnotes":""},"categories":[7],"tags":[],"class_list":["post-27266","post","type-post","status-publish","format-standard","hentry","category-noticias"],"_links":{"self":[{"href":"https:\/\/www.unica.edu.pe\/noticias\/wp-json\/wp\/v2\/posts\/27266","targetHints":{"allow":["GET"]}}],"collection":[{"href":"https:\/\/www.unica.edu.pe\/noticias\/wp-json\/wp\/v2\/posts"}],"about":[{"href":"https:\/\/www.unica.edu.pe\/noticias\/wp-json\/wp\/v2\/types\/post"}],"author":[{"embeddable":true,"href":"https:\/\/www.unica.edu.pe\/noticias\/wp-json\/wp\/v2\/users\/4"}],"replies":[{"embeddable":true,"href":"https:\/\/www.unica.edu.pe\/noticias\/wp-json\/wp\/v2\/comments?post=27266"}],"version-history":[{"count":1,"href":"https:\/\/www.unica.edu.pe\/noticias\/wp-json\/wp\/v2\/posts\/27266\/revisions"}],"predecessor-version":[{"id":27268,"href":"https:\/\/www.unica.edu.pe\/noticias\/wp-json\/wp\/v2\/posts\/27266\/revisions\/27268"}],"wp:attachment":[{"href":"https:\/\/www.unica.edu.pe\/noticias\/wp-json\/wp\/v2\/media?parent=27266"}],"wp:term":[{"taxonomy":"category","embeddable":true,"href":"https:\/\/www.unica.edu.pe\/noticias\/wp-json\/wp\/v2\/categories?post=27266"},{"taxonomy":"post_tag","embeddable":true,"href":"https:\/\/www.unica.edu.pe\/noticias\/wp-json\/wp\/v2\/tags?post=27266"}],"curies":[{"name":"wp","href":"https:\/\/api.w.org\/{rel}","templated":true}]}}