{"id":27256,"date":"2024-01-09T08:20:00","date_gmt":"2024-01-09T13:20:00","guid":{"rendered":"https:\/\/www.unica.edu.pe\/noticias\/?p=27256"},"modified":"2024-01-22T10:11:03","modified_gmt":"2024-01-22T15:11:03","slug":"talleres-de-verano-gratuito-2","status":"publish","type":"post","link":"https:\/\/www.unica.edu.pe\/noticias\/2024\/01\/09\/talleres-de-verano-gratuito-2\/","title":{"rendered":"Talleres de verano gratuito"},"content":{"rendered":"\n<p><a href=\"https:\/\/www.facebook.com\/hashtag\/rsu?__eep__=6&amp;__cft__[0]=AZUsLgDD6ANfC6oWBJvtXNecvss1GTuIj4fLLY54QH1ywAGZTbyaL6dINw0E9Mwr2KA0Pb4t3OHQ2oAfF_EIC29Dl60_EeqF6J6jCf859L4FhOBfoPSXjg_paJ1B9wuxaV0uTuqdH-owyhJO6QHrkDnE9V074W01nW1cmd9XlGol5zVaZWRCMudgBQlwMhQ74jQ&amp;__tn__=*NK-R\">#RSU<\/a> | El taller de teatro tambi\u00e9n forma parte de las actividades de verano programadas por la <a href=\"https:\/\/www.facebook.com\/RSUPSEC?__cft__[0]=AZUsLgDD6ANfC6oWBJvtXNecvss1GTuIj4fLLY54QH1ywAGZTbyaL6dINw0E9Mwr2KA0Pb4t3OHQ2oAfF_EIC29Dl60_EeqF6J6jCf859L4FhOBfoPSXjg_paJ1B9wuxaV0uTuqdH-owyhJO6QHrkDnE9V074W01nW1cmd9XlGol5zVaZWRCMudgBQlwMhQ74jQ&amp;__tn__=-]K-R\">Direcci\u00f3n de RSU, Proyecci\u00f3n Social y Extensi\u00f3n Cultural<\/a> y que ha logrado una sobresaliente convocatoria.<\/p>\n\n\n\n<p>Los talleres de verano se realizan en las instalaciones del Centro Cultural que se ubica en la segunda cuadra de la calle Bol\u00edvar.<\/p>\n\n\n\n<figure class=\"wp-block-image size-full\"><img loading=\"lazy\" decoding=\"async\" width=\"600\" height=\"450\" src=\"https:\/\/www.unica.edu.pe\/noticias\/wp-content\/uploads\/2024\/01\/22-1.jpg\" alt=\"\" class=\"wp-image-27257\" srcset=\"https:\/\/www.unica.edu.pe\/noticias\/wp-content\/uploads\/2024\/01\/22-1.jpg 600w, https:\/\/www.unica.edu.pe\/noticias\/wp-content\/uploads\/2024\/01\/22-1-300x225.jpg 300w\" sizes=\"auto, (max-width: 600px) 100vw, 600px\" \/><\/figure>\n","protected":false},"excerpt":{"rendered":"<p>#RSU | El taller de teatro tambi\u00e9n forma parte de las actividades de verano programadas por la Direcci\u00f3n de RSU, Proyecci\u00f3n Social y Extensi\u00f3n Cultural y que ha logrado una sobresaliente convocatoria. Los talleres de verano se realizan en las instalaciones del Centro Cultural que se ubica en la segunda cuadra de la calle Bol\u00edvar.<\/p>\n","protected":false},"author":4,"featured_media":0,"comment_status":"closed","ping_status":"open","sticky":false,"template":"","format":"standard","meta":{"footnotes":""},"categories":[7],"tags":[],"class_list":["post-27256","post","type-post","status-publish","format-standard","hentry","category-noticias"],"_links":{"self":[{"href":"https:\/\/www.unica.edu.pe\/noticias\/wp-json\/wp\/v2\/posts\/27256","targetHints":{"allow":["GET"]}}],"collection":[{"href":"https:\/\/www.unica.edu.pe\/noticias\/wp-json\/wp\/v2\/posts"}],"about":[{"href":"https:\/\/www.unica.edu.pe\/noticias\/wp-json\/wp\/v2\/types\/post"}],"author":[{"embeddable":true,"href":"https:\/\/www.unica.edu.pe\/noticias\/wp-json\/wp\/v2\/users\/4"}],"replies":[{"embeddable":true,"href":"https:\/\/www.unica.edu.pe\/noticias\/wp-json\/wp\/v2\/comments?post=27256"}],"version-history":[{"count":1,"href":"https:\/\/www.unica.edu.pe\/noticias\/wp-json\/wp\/v2\/posts\/27256\/revisions"}],"predecessor-version":[{"id":27258,"href":"https:\/\/www.unica.edu.pe\/noticias\/wp-json\/wp\/v2\/posts\/27256\/revisions\/27258"}],"wp:attachment":[{"href":"https:\/\/www.unica.edu.pe\/noticias\/wp-json\/wp\/v2\/media?parent=27256"}],"wp:term":[{"taxonomy":"category","embeddable":true,"href":"https:\/\/www.unica.edu.pe\/noticias\/wp-json\/wp\/v2\/categories?post=27256"},{"taxonomy":"post_tag","embeddable":true,"href":"https:\/\/www.unica.edu.pe\/noticias\/wp-json\/wp\/v2\/tags?post=27256"}],"curies":[{"name":"wp","href":"https:\/\/api.w.org\/{rel}","templated":true}]}}