{"id":27253,"date":"2024-01-09T08:10:00","date_gmt":"2024-01-09T13:10:00","guid":{"rendered":"https:\/\/www.unica.edu.pe\/noticias\/?p=27253"},"modified":"2024-01-22T10:06:52","modified_gmt":"2024-01-22T15:06:52","slug":"talleres-de-verano-gratuito","status":"publish","type":"post","link":"https:\/\/www.unica.edu.pe\/noticias\/2024\/01\/09\/talleres-de-verano-gratuito\/","title":{"rendered":"Talleres de verano gratuito"},"content":{"rendered":"\n<p><a href=\"https:\/\/www.facebook.com\/hashtag\/rsu?__eep__=6&amp;__cft__[0]=AZWP0FgboOaN0kyb2Rr7OOPro7N7UWJlQciWq-ZU3JslDQ7_5YD71e7PUdnhghpRHmExVQg4MSCs2TPUPcZwtrqa76zV6Oy2FWP7N7dn_EK9YN8uXfMsNWNG7_C4xmo47S7J_Rqv1eImOYMaam71NMfe-gqsJ-7mEyYGSlV-j8Dx9Zc2tuSBQHZI2FjF7j7cqPo&amp;__tn__=*NK-R\">#RSU<\/a> | La <a href=\"https:\/\/www.facebook.com\/RSUPSEC?__cft__[0]=AZWP0FgboOaN0kyb2Rr7OOPro7N7UWJlQciWq-ZU3JslDQ7_5YD71e7PUdnhghpRHmExVQg4MSCs2TPUPcZwtrqa76zV6Oy2FWP7N7dn_EK9YN8uXfMsNWNG7_C4xmo47S7J_Rqv1eImOYMaam71NMfe-gqsJ-7mEyYGSlV-j8Dx9Zc2tuSBQHZI2FjF7j7cqPo&amp;__tn__=-]K-R\">Direcci\u00f3n de RSU, Proyecci\u00f3n Social y Extensi\u00f3n Cultural<\/a> inici\u00f3 con \u00e9xito sus diversos talleres de verano que se desarrollan en el Centro Cultural. Vemos ahora la participaci\u00f3n en el taller de canto con el docente Lic. Miguel \u00c1ngel Ferreyra.<\/p>\n\n\n\n<figure class=\"wp-block-image size-full\"><img loading=\"lazy\" decoding=\"async\" width=\"600\" height=\"450\" src=\"https:\/\/www.unica.edu.pe\/noticias\/wp-content\/uploads\/2024\/01\/21-1.jpg\" alt=\"\" class=\"wp-image-27254\" srcset=\"https:\/\/www.unica.edu.pe\/noticias\/wp-content\/uploads\/2024\/01\/21-1.jpg 600w, https:\/\/www.unica.edu.pe\/noticias\/wp-content\/uploads\/2024\/01\/21-1-300x225.jpg 300w\" sizes=\"auto, (max-width: 600px) 100vw, 600px\" \/><\/figure>\n","protected":false},"excerpt":{"rendered":"<p>#RSU | La Direcci\u00f3n de RSU, Proyecci\u00f3n Social y Extensi\u00f3n Cultural inici\u00f3 con \u00e9xito sus diversos talleres de verano que se desarrollan en el Centro Cultural. Vemos ahora la participaci\u00f3n en el taller de canto con el docente Lic. Miguel \u00c1ngel Ferreyra.<\/p>\n","protected":false},"author":4,"featured_media":0,"comment_status":"closed","ping_status":"open","sticky":false,"template":"","format":"standard","meta":{"footnotes":""},"categories":[7],"tags":[],"class_list":["post-27253","post","type-post","status-publish","format-standard","hentry","category-noticias"],"_links":{"self":[{"href":"https:\/\/www.unica.edu.pe\/noticias\/wp-json\/wp\/v2\/posts\/27253","targetHints":{"allow":["GET"]}}],"collection":[{"href":"https:\/\/www.unica.edu.pe\/noticias\/wp-json\/wp\/v2\/posts"}],"about":[{"href":"https:\/\/www.unica.edu.pe\/noticias\/wp-json\/wp\/v2\/types\/post"}],"author":[{"embeddable":true,"href":"https:\/\/www.unica.edu.pe\/noticias\/wp-json\/wp\/v2\/users\/4"}],"replies":[{"embeddable":true,"href":"https:\/\/www.unica.edu.pe\/noticias\/wp-json\/wp\/v2\/comments?post=27253"}],"version-history":[{"count":1,"href":"https:\/\/www.unica.edu.pe\/noticias\/wp-json\/wp\/v2\/posts\/27253\/revisions"}],"predecessor-version":[{"id":27255,"href":"https:\/\/www.unica.edu.pe\/noticias\/wp-json\/wp\/v2\/posts\/27253\/revisions\/27255"}],"wp:attachment":[{"href":"https:\/\/www.unica.edu.pe\/noticias\/wp-json\/wp\/v2\/media?parent=27253"}],"wp:term":[{"taxonomy":"category","embeddable":true,"href":"https:\/\/www.unica.edu.pe\/noticias\/wp-json\/wp\/v2\/categories?post=27253"},{"taxonomy":"post_tag","embeddable":true,"href":"https:\/\/www.unica.edu.pe\/noticias\/wp-json\/wp\/v2\/tags?post=27253"}],"curies":[{"name":"wp","href":"https:\/\/api.w.org\/{rel}","templated":true}]}}