{"id":27250,"date":"2024-01-09T08:00:00","date_gmt":"2024-01-09T13:00:00","guid":{"rendered":"https:\/\/www.unica.edu.pe\/noticias\/?p=27250"},"modified":"2024-01-22T10:04:50","modified_gmt":"2024-01-22T15:04:50","slug":"talleres-de-verano-gratuitos","status":"publish","type":"post","link":"https:\/\/www.unica.edu.pe\/noticias\/2024\/01\/09\/talleres-de-verano-gratuitos\/","title":{"rendered":"Talleres de verano gratuitos"},"content":{"rendered":"\n<p><a href=\"https:\/\/www.facebook.com\/hashtag\/rsu?__eep__=6&amp;__cft__[0]=AZUw17rTjJfsY51fl9P83uPCCOlbxNoqrw9UaQSIwOFVXeKJ9N0EMS5Q_6dMPqrRpoBI8q_DF-RXLV0cTOfk95I4vC4Yahn7Ib3XqCdn6RyklJPu-XGMd65Z8nFJW83-G1zu6o6yqO1kAmzCOs1eW41wXAP9vBjdvgj32hKpTOjWdJbpzHlkIzkHwSfYqPmdsRI&amp;__tn__=*NK-R\">#RSU<\/a> | La <a href=\"https:\/\/www.facebook.com\/RSUPSEC?__cft__[0]=AZUw17rTjJfsY51fl9P83uPCCOlbxNoqrw9UaQSIwOFVXeKJ9N0EMS5Q_6dMPqrRpoBI8q_DF-RXLV0cTOfk95I4vC4Yahn7Ib3XqCdn6RyklJPu-XGMd65Z8nFJW83-G1zu6o6yqO1kAmzCOs1eW41wXAP9vBjdvgj32hKpTOjWdJbpzHlkIzkHwSfYqPmdsRI&amp;__tn__=-]K-R\">Direcci\u00f3n de RSU, Proyecci\u00f3n Social y Extensi\u00f3n Cultural<\/a> inici\u00f3 los diversos talleres de verano en el Centro Cultural. En las im\u00e1genes observamos las del taller de danzas.<img loading=\"lazy\" decoding=\"async\" height=\"16\" width=\"16\" src=\"https:\/\/static.xx.fbcdn.net\/images\/emoji.php\/v9\/tc7\/1\/16\/1f483.png\" alt=\"\ud83d\udc83\"><img loading=\"lazy\" decoding=\"async\" height=\"16\" width=\"16\" src=\"https:\/\/static.xx.fbcdn.net\/images\/emoji.php\/v9\/t97\/1\/16\/1f57a.png\" alt=\"\ud83d\udd7a\"> <\/p>\n\n\n\n<figure class=\"wp-block-image size-full\"><img loading=\"lazy\" decoding=\"async\" width=\"600\" height=\"338\" src=\"https:\/\/www.unica.edu.pe\/noticias\/wp-content\/uploads\/2024\/01\/20-1.jpg\" alt=\"\" class=\"wp-image-27251\" srcset=\"https:\/\/www.unica.edu.pe\/noticias\/wp-content\/uploads\/2024\/01\/20-1.jpg 600w, https:\/\/www.unica.edu.pe\/noticias\/wp-content\/uploads\/2024\/01\/20-1-300x169.jpg 300w\" sizes=\"auto, (max-width: 600px) 100vw, 600px\" \/><\/figure>\n","protected":false},"excerpt":{"rendered":"<p>#RSU | La Direcci\u00f3n de RSU, Proyecci\u00f3n Social y Extensi\u00f3n Cultural inici\u00f3 los diversos talleres de verano en el Centro Cultural. En las im\u00e1genes observamos las del taller de danzas.<\/p>\n","protected":false},"author":4,"featured_media":0,"comment_status":"closed","ping_status":"open","sticky":false,"template":"","format":"standard","meta":{"footnotes":""},"categories":[7],"tags":[],"class_list":["post-27250","post","type-post","status-publish","format-standard","hentry","category-noticias"],"_links":{"self":[{"href":"https:\/\/www.unica.edu.pe\/noticias\/wp-json\/wp\/v2\/posts\/27250","targetHints":{"allow":["GET"]}}],"collection":[{"href":"https:\/\/www.unica.edu.pe\/noticias\/wp-json\/wp\/v2\/posts"}],"about":[{"href":"https:\/\/www.unica.edu.pe\/noticias\/wp-json\/wp\/v2\/types\/post"}],"author":[{"embeddable":true,"href":"https:\/\/www.unica.edu.pe\/noticias\/wp-json\/wp\/v2\/users\/4"}],"replies":[{"embeddable":true,"href":"https:\/\/www.unica.edu.pe\/noticias\/wp-json\/wp\/v2\/comments?post=27250"}],"version-history":[{"count":1,"href":"https:\/\/www.unica.edu.pe\/noticias\/wp-json\/wp\/v2\/posts\/27250\/revisions"}],"predecessor-version":[{"id":27252,"href":"https:\/\/www.unica.edu.pe\/noticias\/wp-json\/wp\/v2\/posts\/27250\/revisions\/27252"}],"wp:attachment":[{"href":"https:\/\/www.unica.edu.pe\/noticias\/wp-json\/wp\/v2\/media?parent=27250"}],"wp:term":[{"taxonomy":"category","embeddable":true,"href":"https:\/\/www.unica.edu.pe\/noticias\/wp-json\/wp\/v2\/categories?post=27250"},{"taxonomy":"post_tag","embeddable":true,"href":"https:\/\/www.unica.edu.pe\/noticias\/wp-json\/wp\/v2\/tags?post=27250"}],"curies":[{"name":"wp","href":"https:\/\/api.w.org\/{rel}","templated":true}]}}