{"id":2720,"date":"2019-07-22T14:19:12","date_gmt":"2019-07-22T14:19:12","guid":{"rendered":"http:\/\/www.unica.edu.pe\/noticias\/?p=2720"},"modified":"2019-07-22T14:21:51","modified_gmt":"2019-07-22T14:21:51","slug":"rector-dr-anselmo-magallanes-carrillo-inauguro-el-almacen-de-alimentos-secos-del-comedor-universitario","status":"publish","type":"post","link":"https:\/\/www.unica.edu.pe\/noticias\/2019\/07\/22\/rector-dr-anselmo-magallanes-carrillo-inauguro-el-almacen-de-alimentos-secos-del-comedor-universitario\/","title":{"rendered":"Rector Dr. Anselmo Magallanes Carrillo inaugur\u00f3 el almac\u00e9n de alimentos secos del Comedor Universitario"},"content":{"rendered":"<p><a class=\"_58cn\" href=\"https:\/\/www.facebook.com\/hashtag\/comedor_universitario?source=feed_text&amp;epa=HASHTAG&amp;__xts__%5B0%5D=68.ARCigQ2kaLtJ8MYz9t9horFcADifkKaO-s346gcRgMccD1JmjiSf5xXOvg8hv62pMnT-wNZpWiR2yY93OqaoldYslf-n_x6yJNyfxzETV9cmh2zDBAqzQUfL0BJTWNrOoyviRMAkLe6W3CqZ6SdBx5m-_-KuxJhCVoo15JOUukAoJR859HB6HrDBqi_PS175MSwru2olnMy-SsCyo_oj64luK0ljklhCw0IZZasTQx9tjDS9T-_USZ1qSCWW0AGJBUG3XRP34X9VeRqtJEcrVI_mTi7B0HPS0GYHpFTLWI0YbPdrpOhdy9vLcWZs5h9hxZrX6wfJ1WvdYzgQZ5rhB5Pr8w&amp;__tn__=%2ANK-R\" data-ft=\"{&quot;type&quot;:104,&quot;tn&quot;:&quot;*N&quot;}\"><span class=\"_5afx\"><span class=\"_58cl _5afz\" aria-label=\"hashtag\">#<\/span><span class=\"_58cm\">COMEDOR_UNIVERSITARIO<\/span><\/span><\/a><br \/>\nMejorando el correcto almacenamiento de los alimentos, el rector Dr. Anselmo Magallanes Carrillo inaugur\u00f3 el almac\u00e9n de alimentos secos del Comedor Universitario, el cual garantizar\u00e1 la calidad e inocuidad de dichos productos.<\/p>\n<p><img loading=\"lazy\" decoding=\"async\" class=\"alignnone size-medium wp-image-2721\" src=\"https:\/\/www.unica.edu.pe\/noticias\/wp-content\/uploads\/2019\/07\/56-4-300x200.jpg\" alt=\"\" width=\"300\" height=\"200\" srcset=\"https:\/\/www.unica.edu.pe\/noticias\/wp-content\/uploads\/2019\/07\/56-4-300x200.jpg 300w, https:\/\/www.unica.edu.pe\/noticias\/wp-content\/uploads\/2019\/07\/56-4-768x512.jpg 768w, https:\/\/www.unica.edu.pe\/noticias\/wp-content\/uploads\/2019\/07\/56-4.jpg 960w\" sizes=\"auto, (max-width: 300px) 100vw, 300px\" \/> <img loading=\"lazy\" decoding=\"async\" class=\"alignnone size-medium wp-image-2722\" src=\"https:\/\/www.unica.edu.pe\/noticias\/wp-content\/uploads\/2019\/07\/57-4-300x200.jpg\" alt=\"\" width=\"300\" height=\"200\" srcset=\"https:\/\/www.unica.edu.pe\/noticias\/wp-content\/uploads\/2019\/07\/57-4-300x200.jpg 300w, https:\/\/www.unica.edu.pe\/noticias\/wp-content\/uploads\/2019\/07\/57-4-768x512.jpg 768w, https:\/\/www.unica.edu.pe\/noticias\/wp-content\/uploads\/2019\/07\/57-4.jpg 960w\" sizes=\"auto, (max-width: 300px) 100vw, 300px\" \/> <img loading=\"lazy\" decoding=\"async\" class=\"alignnone size-medium wp-image-2723\" src=\"https:\/\/www.unica.edu.pe\/noticias\/wp-content\/uploads\/2019\/07\/58.-200x300.jpg\" alt=\"\" width=\"200\" height=\"300\" srcset=\"https:\/\/www.unica.edu.pe\/noticias\/wp-content\/uploads\/2019\/07\/58.-200x300.jpg 200w, https:\/\/www.unica.edu.pe\/noticias\/wp-content\/uploads\/2019\/07\/58..jpg 640w\" sizes=\"auto, (max-width: 200px) 100vw, 200px\" \/><\/p>\n","protected":false},"excerpt":{"rendered":"<p>#COMEDOR_UNIVERSITARIO Mejorando el correcto almacenamiento de los alimentos, el rector Dr. Anselmo Magallanes Carrillo inaugur\u00f3 el almac\u00e9n de alimentos secos del Comedor Universitario, el cual garantizar\u00e1 la calidad e inocuidad de dichos productos.<\/p>\n","protected":false},"author":1,"featured_media":0,"comment_status":"open","ping_status":"open","sticky":false,"template":"","format":"standard","meta":{"footnotes":""},"categories":[7],"tags":[],"class_list":["post-2720","post","type-post","status-publish","format-standard","hentry","category-noticias"],"_links":{"self":[{"href":"https:\/\/www.unica.edu.pe\/noticias\/wp-json\/wp\/v2\/posts\/2720","targetHints":{"allow":["GET"]}}],"collection":[{"href":"https:\/\/www.unica.edu.pe\/noticias\/wp-json\/wp\/v2\/posts"}],"about":[{"href":"https:\/\/www.unica.edu.pe\/noticias\/wp-json\/wp\/v2\/types\/post"}],"author":[{"embeddable":true,"href":"https:\/\/www.unica.edu.pe\/noticias\/wp-json\/wp\/v2\/users\/1"}],"replies":[{"embeddable":true,"href":"https:\/\/www.unica.edu.pe\/noticias\/wp-json\/wp\/v2\/comments?post=2720"}],"version-history":[{"count":1,"href":"https:\/\/www.unica.edu.pe\/noticias\/wp-json\/wp\/v2\/posts\/2720\/revisions"}],"predecessor-version":[{"id":2724,"href":"https:\/\/www.unica.edu.pe\/noticias\/wp-json\/wp\/v2\/posts\/2720\/revisions\/2724"}],"wp:attachment":[{"href":"https:\/\/www.unica.edu.pe\/noticias\/wp-json\/wp\/v2\/media?parent=2720"}],"wp:term":[{"taxonomy":"category","embeddable":true,"href":"https:\/\/www.unica.edu.pe\/noticias\/wp-json\/wp\/v2\/categories?post=2720"},{"taxonomy":"post_tag","embeddable":true,"href":"https:\/\/www.unica.edu.pe\/noticias\/wp-json\/wp\/v2\/tags?post=2720"}],"curies":[{"name":"wp","href":"https:\/\/api.w.org\/{rel}","templated":true}]}}