{"id":26598,"date":"2023-11-07T11:40:00","date_gmt":"2023-11-07T16:40:00","guid":{"rendered":"https:\/\/www.unica.edu.pe\/noticias\/?p=26598"},"modified":"2023-11-09T11:45:13","modified_gmt":"2023-11-09T16:45:13","slug":"devfest-ica-2023","status":"publish","type":"post","link":"https:\/\/www.unica.edu.pe\/noticias\/2023\/11\/07\/devfest-ica-2023\/","title":{"rendered":"DevFest Ica 2023"},"content":{"rendered":"\n<p><a href=\"https:\/\/www.facebook.com\/hashtag\/estudiantes?__eep__=6&amp;__cft__[0]=AZWaK6n_dwtUqWPkuWgA5L-XyzWOqtq7FnDykEQCB83qWYAZeWhfwqrHARMSEtyRRw86zbLaWM1B2Lvw05DnATZmUlaEUdb1md4AccQHn6zJkTJ7_T3OsBDhBMmvrx0gjezX8Cyzp_6v-UPltmdqEtYb0yDBwjDxO5ntLglcQSURvw7CYdJnZMoi9LfysD0sC9M&amp;__tn__=*NK-R\">#Estudiantes<\/a> | <a href=\"https:\/\/www.facebook.com\/hashtag\/comunidaddegoogle?__eep__=6&amp;__cft__[0]=AZWaK6n_dwtUqWPkuWgA5L-XyzWOqtq7FnDykEQCB83qWYAZeWhfwqrHARMSEtyRRw86zbLaWM1B2Lvw05DnATZmUlaEUdb1md4AccQHn6zJkTJ7_T3OsBDhBMmvrx0gjezX8Cyzp_6v-UPltmdqEtYb0yDBwjDxO5ntLglcQSURvw7CYdJnZMoi9LfysD0sC9M&amp;__tn__=*NK-R\">#Comunidaddegoogle<\/a> | \u00a1ATENCI\u00d3N ICA \u00bfYa conoces donde se realizar\u00e1 el DevFest Ica 2023? <img loading=\"lazy\" decoding=\"async\" height=\"16\" width=\"16\" alt=\"\ud83c\udf89\" src=\"https:\/\/static.xx.fbcdn.net\/images\/emoji.php\/v9\/t8c\/1\/16\/1f389.png\"><img loading=\"lazy\" decoding=\"async\" height=\"16\" width=\"16\" alt=\"\ud83c\udf0e\" src=\"https:\/\/static.xx.fbcdn.net\/images\/emoji.php\/v9\/tc0\/1\/16\/1f30e.png\"><\/p>\n\n\n\n<p>Este a\u00f1o el DevFest se realizar\u00e1 en el Auditorio Ra\u00fal Porras Barrenechea, dirigido al p\u00fablico en general, ser\u00e1 un espacio de 8 horas, donde se compartir\u00e1 conocimientos valiosos en tecnolog\u00eda de la mano de ponentes expertos. <img loading=\"lazy\" decoding=\"async\" height=\"16\" width=\"16\" alt=\"\ud83d\ude01\" src=\"https:\/\/static.xx.fbcdn.net\/images\/emoji.php\/v9\/t4f\/1\/16\/1f601.png\"><\/p>\n\n\n\n<p><img loading=\"lazy\" decoding=\"async\" height=\"16\" width=\"16\" alt=\"\ud83d\udcc5\" src=\"https:\/\/static.xx.fbcdn.net\/images\/emoji.php\/v9\/t7e\/1\/16\/1f4c5.png\"> Evento presencial el 2 de diciembre.<\/p>\n\n\n\n<p><img loading=\"lazy\" decoding=\"async\" height=\"16\" width=\"16\" alt=\"\u2705\" src=\"https:\/\/static.xx.fbcdn.net\/images\/emoji.php\/v9\/t33\/1\/16\/2705.png\"> La <a><\/a>entrada es gratuita.<\/p>\n\n\n\n<p><img loading=\"lazy\" decoding=\"async\" height=\"16\" width=\"16\" alt=\"\u23f1\ufe0f\" src=\"https:\/\/static.xx.fbcdn.net\/images\/emoji.php\/v9\/tb5\/1\/16\/23f1.png\"> Horario: de 9:30 a 6:00 p.m.<\/p>\n\n\n\n<p><img loading=\"lazy\" decoding=\"async\" height=\"16\" width=\"16\" alt=\"\u2705\" src=\"https:\/\/static.xx.fbcdn.net\/images\/emoji.php\/v9\/t33\/1\/16\/2705.png\"> Lugar: Auditorio Ra\u00fal Porras Barrenechea, Ca. Bol\u00edvar n.\u00ba 232, local central (a media cuadra de la Plaza de Armas)<\/p>\n\n\n\n<p><img loading=\"lazy\" decoding=\"async\" height=\"16\" width=\"16\" alt=\"\ud83d\udccd\" src=\"https:\/\/static.xx.fbcdn.net\/images\/emoji.php\/v9\/t2d\/1\/16\/1f4cd.png\"> Ubicaci\u00f3n: <a href=\"https:\/\/maps.app.goo.gl\/G6U93qJYU7NMegaK9?fbclid=IwAR1H_cnxMKkYunpY3qiohcC4red2cB1wteaOOuEVX4uY_nFG9ooSGT6qkt8\" rel=\"noreferrer noopener\" target=\"_blank\">https:\/\/maps.app.goo.gl\/G6U93qJYU7NMegaK9<\/a><\/p>\n\n\n\n<p><img loading=\"lazy\" decoding=\"async\" height=\"16\" width=\"16\" alt=\"\ud83d\udc49\" src=\"https:\/\/static.xx.fbcdn.net\/images\/emoji.php\/v9\/t51\/1\/16\/1f449.png\"> Reg\u00edstrate aqu\u00ed: <a href=\"https:\/\/bit.ly\/devfestica23?fbclid=IwAR2asgqZNsDR-UfPUrsxOx59As6kEL4WJPHGcWyIb2ZDJyS58lrq5zy3auI\" rel=\"noreferrer noopener\" target=\"_blank\">https:\/\/bit.ly\/devfestica23<\/a><\/p>\n\n\n\n<p><a href=\"https:\/\/www.facebook.com\/hashtag\/google?__eep__=6&amp;__cft__[0]=AZWaK6n_dwtUqWPkuWgA5L-XyzWOqtq7FnDykEQCB83qWYAZeWhfwqrHARMSEtyRRw86zbLaWM1B2Lvw05DnATZmUlaEUdb1md4AccQHn6zJkTJ7_T3OsBDhBMmvrx0gjezX8Cyzp_6v-UPltmdqEtYb0yDBwjDxO5ntLglcQSURvw7CYdJnZMoi9LfysD0sC9M&amp;__tn__=*NK-R\">#Google<\/a><a href=\"https:\/\/www.facebook.com\/hashtag\/googledevelopergroups?__eep__=6&amp;__cft__[0]=AZWaK6n_dwtUqWPkuWgA5L-XyzWOqtq7FnDykEQCB83qWYAZeWhfwqrHARMSEtyRRw86zbLaWM1B2Lvw05DnATZmUlaEUdb1md4AccQHn6zJkTJ7_T3OsBDhBMmvrx0gjezX8Cyzp_6v-UPltmdqEtYb0yDBwjDxO5ntLglcQSURvw7CYdJnZMoi9LfysD0sC9M&amp;__tn__=*NK-R\">#GoogleDeveloperGroups<\/a><a href=\"https:\/\/www.facebook.com\/hashtag\/devfestica23?__eep__=6&amp;__cft__[0]=AZWaK6n_dwtUqWPkuWgA5L-XyzWOqtq7FnDykEQCB83qWYAZeWhfwqrHARMSEtyRRw86zbLaWM1B2Lvw05DnATZmUlaEUdb1md4AccQHn6zJkTJ7_T3OsBDhBMmvrx0gjezX8Cyzp_6v-UPltmdqEtYb0yDBwjDxO5ntLglcQSURvw7CYdJnZMoi9LfysD0sC9M&amp;__tn__=*NK-R\">#devfestica23<\/a><a href=\"https:\/\/www.facebook.com\/hashtag\/ica?__eep__=6&amp;__cft__[0]=AZWaK6n_dwtUqWPkuWgA5L-XyzWOqtq7FnDykEQCB83qWYAZeWhfwqrHARMSEtyRRw86zbLaWM1B2Lvw05DnATZmUlaEUdb1md4AccQHn6zJkTJ7_T3OsBDhBMmvrx0gjezX8Cyzp_6v-UPltmdqEtYb0yDBwjDxO5ntLglcQSURvw7CYdJnZMoi9LfysD0sC9M&amp;__tn__=*NK-R\">#Ica<\/a><a href=\"https:\/\/www.facebook.com\/hashtag\/gdgica?__eep__=6&amp;__cft__[0]=AZWaK6n_dwtUqWPkuWgA5L-XyzWOqtq7FnDykEQCB83qWYAZeWhfwqrHARMSEtyRRw86zbLaWM1B2Lvw05DnATZmUlaEUdb1md4AccQHn6zJkTJ7_T3OsBDhBMmvrx0gjezX8Cyzp_6v-UPltmdqEtYb0yDBwjDxO5ntLglcQSURvw7CYdJnZMoi9LfysD0sC9M&amp;__tn__=*NK-R\">#GDGICA<\/a><a href=\"https:\/\/www.facebook.com\/hashtag\/gdg?__eep__=6&amp;__cft__[0]=AZWaK6n_dwtUqWPkuWgA5L-XyzWOqtq7FnDykEQCB83qWYAZeWhfwqrHARMSEtyRRw86zbLaWM1B2Lvw05DnATZmUlaEUdb1md4AccQHn6zJkTJ7_T3OsBDhBMmvrx0gjezX8Cyzp_6v-UPltmdqEtYb0yDBwjDxO5ntLglcQSURvw7CYdJnZMoi9LfysD0sC9M&amp;__tn__=*NK-R\">#GDG<\/a> <\/p>\n\n\n\n<figure class=\"wp-block-image size-full\"><img loading=\"lazy\" decoding=\"async\" width=\"512\" height=\"640\" src=\"https:\/\/www.unica.edu.pe\/noticias\/wp-content\/uploads\/2023\/11\/22-1.jpg\" alt=\"\" class=\"wp-image-26599\" srcset=\"https:\/\/www.unica.edu.pe\/noticias\/wp-content\/uploads\/2023\/11\/22-1.jpg 512w, https:\/\/www.unica.edu.pe\/noticias\/wp-content\/uploads\/2023\/11\/22-1-240x300.jpg 240w\" sizes=\"auto, (max-width: 512px) 100vw, 512px\" \/><\/figure>\n","protected":false},"excerpt":{"rendered":"<p>#Estudiantes | #Comunidaddegoogle | \u00a1ATENCI\u00d3N ICA \u00bfYa conoces donde se realizar\u00e1 el DevFest Ica 2023? Este a\u00f1o el DevFest se realizar\u00e1 en el Auditorio Ra\u00fal Porras Barrenechea, dirigido al p\u00fablico en general, ser\u00e1 un espacio de 8 horas, donde se compartir\u00e1 conocimientos valiosos en tecnolog\u00eda de la mano de ponentes expertos. Evento presencial el 2 &hellip; <\/p>\n<p class=\"link-more\"><a href=\"https:\/\/www.unica.edu.pe\/noticias\/2023\/11\/07\/devfest-ica-2023\/\" class=\"more-link\">Continuar leyendo<span class=\"screen-reader-text\"> \u00abDevFest Ica 2023\u00bb<\/span><\/a><\/p>\n","protected":false},"author":4,"featured_media":0,"comment_status":"closed","ping_status":"open","sticky":false,"template":"","format":"standard","meta":{"footnotes":""},"categories":[7],"tags":[],"class_list":["post-26598","post","type-post","status-publish","format-standard","hentry","category-noticias"],"_links":{"self":[{"href":"https:\/\/www.unica.edu.pe\/noticias\/wp-json\/wp\/v2\/posts\/26598","targetHints":{"allow":["GET"]}}],"collection":[{"href":"https:\/\/www.unica.edu.pe\/noticias\/wp-json\/wp\/v2\/posts"}],"about":[{"href":"https:\/\/www.unica.edu.pe\/noticias\/wp-json\/wp\/v2\/types\/post"}],"author":[{"embeddable":true,"href":"https:\/\/www.unica.edu.pe\/noticias\/wp-json\/wp\/v2\/users\/4"}],"replies":[{"embeddable":true,"href":"https:\/\/www.unica.edu.pe\/noticias\/wp-json\/wp\/v2\/comments?post=26598"}],"version-history":[{"count":1,"href":"https:\/\/www.unica.edu.pe\/noticias\/wp-json\/wp\/v2\/posts\/26598\/revisions"}],"predecessor-version":[{"id":26600,"href":"https:\/\/www.unica.edu.pe\/noticias\/wp-json\/wp\/v2\/posts\/26598\/revisions\/26600"}],"wp:attachment":[{"href":"https:\/\/www.unica.edu.pe\/noticias\/wp-json\/wp\/v2\/media?parent=26598"}],"wp:term":[{"taxonomy":"category","embeddable":true,"href":"https:\/\/www.unica.edu.pe\/noticias\/wp-json\/wp\/v2\/categories?post=26598"},{"taxonomy":"post_tag","embeddable":true,"href":"https:\/\/www.unica.edu.pe\/noticias\/wp-json\/wp\/v2\/tags?post=26598"}],"curies":[{"name":"wp","href":"https:\/\/api.w.org\/{rel}","templated":true}]}}