{"id":26595,"date":"2023-11-07T11:30:25","date_gmt":"2023-11-07T16:30:25","guid":{"rendered":"https:\/\/www.unica.edu.pe\/noticias\/?p=26595"},"modified":"2023-11-09T11:31:43","modified_gmt":"2023-11-09T16:31:43","slug":"feria-laboral-2023-7","status":"publish","type":"post","link":"https:\/\/www.unica.edu.pe\/noticias\/2023\/11\/07\/feria-laboral-2023-7\/","title":{"rendered":"Feria Laboral 2023"},"content":{"rendered":"\n<p><a href=\"https:\/\/www.facebook.com\/hashtag\/serviciosacad%C3%A9micos?__eep__=6&amp;__cft__[0]=AZUk8EkizVWq7dXAwDUPZRoyYzZAMnLGjtgZ4Gc1t5oU0KK-8N6BocxM7spyZzGi4JDqVL2hBvgO2tEHPn7ycBd_G_0JK2sD4hU7ytWWLoAEfYYV-r2zvIJiofnNysEZZ47viKd-3FjZUdr46wm6TKI0fXfqjSgkLchCbm41gNQYHDXP6aj_01g2limU_irHNy8&amp;__tn__=*NK-R\">#ServiciosAcad\u00e9micos<\/a> | \u00a1Ya falta poco! <img loading=\"lazy\" decoding=\"async\" height=\"16\" width=\"16\" alt=\"\ud83d\udce3\" src=\"https:\/\/static.xx.fbcdn.net\/images\/emoji.php\/v9\/tba\/1\/16\/1f4e3.png\">La Direcci\u00f3n de Servicios Acad\u00e9micos de la Universidad Nacional \u00abSan Luis Gonzaga\u00bb, invita a las diversas empresas de la regi\u00f3n Ica para que participen con vacantes laborales en la Feria Laboral 2023 que se realizar\u00e1 el 17 de noviembre de 9:00 a.m. a 2:00 p.m.<\/p>\n\n\n\n<p>Asistir\u00e1n a la feria estudiantes de las 40 carreras profesionales de nuestra universidad. <img loading=\"lazy\" decoding=\"async\" height=\"16\" width=\"16\" alt=\"\ud83d\udce3\" src=\"https:\/\/static.xx.fbcdn.net\/images\/emoji.php\/v9\/tba\/1\/16\/1f4e3.png\">\u00a1Amigo empresario, la comunidad estudiantil contribuir\u00e1 en el logro de tus objetivos <a><\/a>empresariales! <img loading=\"lazy\" decoding=\"async\" height=\"16\" width=\"16\" alt=\"\ud83d\ude4c\" src=\"https:\/\/static.xx.fbcdn.net\/images\/emoji.php\/v9\/tfd\/1\/16\/1f64c.png\"><img loading=\"lazy\" decoding=\"async\" height=\"16\" width=\"16\" alt=\"\ud83d\ude0a\" src=\"https:\/\/static.xx.fbcdn.net\/images\/emoji.php\/v9\/t7f\/1\/16\/1f60a.png\"><\/p>\n\n\n\n<p>Para registrar la participaci\u00f3n y\/o mayor informaci\u00f3n escribir a: bolsadetrabajo@unica.edu.pe<\/p>\n\n\n\n<figure class=\"wp-block-image size-full\"><img loading=\"lazy\" decoding=\"async\" width=\"655\" height=\"467\" src=\"https:\/\/www.unica.edu.pe\/noticias\/wp-content\/uploads\/2023\/11\/21-1.jpg\" alt=\"\" class=\"wp-image-26596\" srcset=\"https:\/\/www.unica.edu.pe\/noticias\/wp-content\/uploads\/2023\/11\/21-1.jpg 655w, https:\/\/www.unica.edu.pe\/noticias\/wp-content\/uploads\/2023\/11\/21-1-300x214.jpg 300w\" sizes=\"auto, (max-width: 655px) 100vw, 655px\" \/><\/figure>\n","protected":false},"excerpt":{"rendered":"<p>#ServiciosAcad\u00e9micos | \u00a1Ya falta poco! La Direcci\u00f3n de Servicios Acad\u00e9micos de la Universidad Nacional \u00abSan Luis Gonzaga\u00bb, invita a las diversas empresas de la regi\u00f3n Ica para que participen con vacantes laborales en la Feria Laboral 2023 que se realizar\u00e1 el 17 de noviembre de 9:00 a.m. a 2:00 p.m. Asistir\u00e1n a la feria estudiantes &hellip; <\/p>\n<p class=\"link-more\"><a href=\"https:\/\/www.unica.edu.pe\/noticias\/2023\/11\/07\/feria-laboral-2023-7\/\" class=\"more-link\">Continuar leyendo<span class=\"screen-reader-text\"> \u00abFeria Laboral 2023\u00bb<\/span><\/a><\/p>\n","protected":false},"author":4,"featured_media":0,"comment_status":"closed","ping_status":"open","sticky":false,"template":"","format":"standard","meta":{"footnotes":""},"categories":[7],"tags":[],"class_list":["post-26595","post","type-post","status-publish","format-standard","hentry","category-noticias"],"_links":{"self":[{"href":"https:\/\/www.unica.edu.pe\/noticias\/wp-json\/wp\/v2\/posts\/26595","targetHints":{"allow":["GET"]}}],"collection":[{"href":"https:\/\/www.unica.edu.pe\/noticias\/wp-json\/wp\/v2\/posts"}],"about":[{"href":"https:\/\/www.unica.edu.pe\/noticias\/wp-json\/wp\/v2\/types\/post"}],"author":[{"embeddable":true,"href":"https:\/\/www.unica.edu.pe\/noticias\/wp-json\/wp\/v2\/users\/4"}],"replies":[{"embeddable":true,"href":"https:\/\/www.unica.edu.pe\/noticias\/wp-json\/wp\/v2\/comments?post=26595"}],"version-history":[{"count":1,"href":"https:\/\/www.unica.edu.pe\/noticias\/wp-json\/wp\/v2\/posts\/26595\/revisions"}],"predecessor-version":[{"id":26597,"href":"https:\/\/www.unica.edu.pe\/noticias\/wp-json\/wp\/v2\/posts\/26595\/revisions\/26597"}],"wp:attachment":[{"href":"https:\/\/www.unica.edu.pe\/noticias\/wp-json\/wp\/v2\/media?parent=26595"}],"wp:term":[{"taxonomy":"category","embeddable":true,"href":"https:\/\/www.unica.edu.pe\/noticias\/wp-json\/wp\/v2\/categories?post=26595"},{"taxonomy":"post_tag","embeddable":true,"href":"https:\/\/www.unica.edu.pe\/noticias\/wp-json\/wp\/v2\/tags?post=26595"}],"curies":[{"name":"wp","href":"https:\/\/api.w.org\/{rel}","templated":true}]}}